{"id":4589,"date":"2025-03-20T11:21:03","date_gmt":"2025-03-20T10:21:03","guid":{"rendered":"https:\/\/www.lvbe.uha.fr\/?p=4589"},"modified":"2025-04-04T10:34:09","modified_gmt":"2025-04-04T08:34:09","slug":"8emes-journees-nationales-des-maladies-du-bois","status":"publish","type":"post","link":"https:\/\/www.lvbe.uha.fr\/index.php\/8emes-journees-nationales-des-maladies-du-bois\/","title":{"rendered":"8\u00e8mes Journ\u00e9es nationales des maladies du bois"},"content":{"rendered":"<p>Le LVBE y participe avec la pr\u00e9sentation <strong><span class=\"fontstyle0\">de Christophe BERTSCH<\/span><\/strong> : <strong>R<span class=\"fontstyle0\">evue sur <em>Fomitiporia mediterranea<\/em>, <\/span><\/strong><span class=\"fontstyle0\">dans la section <\/span><span class=\"fontstyle0\">CONNAISSANCES PATHOGENES<\/span><\/p>\n<p>Ces journ\u00e9es se tiendront les mercredi 2 &amp; jeudi 3 avril 2025 chez Hennessy \u2013 Rue de la Richonne, 16100 Cognac.<\/p>\n<p><img loading=\"lazy\" decoding=\"async\" class=\"aligncenter size-large wp-image-4598\" src=\"https:\/\/www.lvbe.uha.fr\/wp-content\/uploads\/2025\/04\/8eme-JMB-2025-1024x768.jpeg\" alt=\"\" width=\"750\" height=\"563\" srcset=\"https:\/\/www.lvbe.uha.fr\/wp-content\/uploads\/2025\/04\/8eme-JMB-2025-1024x768.jpeg 1024w, https:\/\/www.lvbe.uha.fr\/wp-content\/uploads\/2025\/04\/8eme-JMB-2025-300x225.jpeg 300w, https:\/\/www.lvbe.uha.fr\/wp-content\/uploads\/2025\/04\/8eme-JMB-2025-768x576.jpeg 768w, https:\/\/www.lvbe.uha.fr\/wp-content\/uploads\/2025\/04\/8eme-JMB-2025-135x100.jpeg 135w, https:\/\/www.lvbe.uha.fr\/wp-content\/uploads\/2025\/04\/8eme-JMB-2025.jpeg 1200w\" sizes=\"auto, (max-width: 750px) 100vw, 750px\" \/><\/p>\n<p><strong><span class=\"fontstyle0\"><br \/>\n<\/span><\/strong><img loading=\"lazy\" decoding=\"async\" class=\"aligncenter wp-image-4590 size-full\" src=\"https:\/\/www.lvbe.uha.fr\/wp-content\/uploads\/2025\/03\/8eme-journee-des-maladies-du-bois-de-la-vigne-avril-2025.png\" alt=\"\" width=\"1886\" height=\"474\" srcset=\"https:\/\/www.lvbe.uha.fr\/wp-content\/uploads\/2025\/03\/8eme-journee-des-maladies-du-bois-de-la-vigne-avril-2025.png 1886w, https:\/\/www.lvbe.uha.fr\/wp-content\/uploads\/2025\/03\/8eme-journee-des-maladies-du-bois-de-la-vigne-avril-2025-300x75.png 300w, https:\/\/www.lvbe.uha.fr\/wp-content\/uploads\/2025\/03\/8eme-journee-des-maladies-du-bois-de-la-vigne-avril-2025-1024x257.png 1024w, https:\/\/www.lvbe.uha.fr\/wp-content\/uploads\/2025\/03\/8eme-journee-des-maladies-du-bois-de-la-vigne-avril-2025-768x193.png 768w, https:\/\/www.lvbe.uha.fr\/wp-content\/uploads\/2025\/03\/8eme-journee-des-maladies-du-bois-de-la-vigne-avril-2025-1536x386.png 1536w\" sizes=\"auto, (max-width: 1886px) 100vw, 1886px\" \/><\/p>\n<p>&nbsp;<\/p>\n","protected":false},"excerpt":{"rendered":"<p>Le LVBE y participe avec la pr\u00e9sentation de Christophe BERTSCH : Revue sur Fomitiporia mediterranea, dans la section CONNAISSANCES PATHOGENES Ces journ\u00e9es se tiendront les mercredi 2 &amp; jeudi 3 avril 2025 chez Hennessy \u2013 Rue de la Richonne, 16100 Cognac. &nbsp;<\/p>\n","protected":false},"author":2,"featured_media":4590,"comment_status":"closed","ping_status":"closed","sticky":false,"template":"","format":"standard","meta":{"footnotes":""},"categories":[4,7],"tags":[],"class_list":["post-4589","post","type-post","status-publish","format-standard","has-post-thumbnail","hentry","category-actualites","category-actualites-conferences"],"yoast_head":"<!-- This site is optimized with the Yoast SEO plugin v27.4 - https:\/\/yoast.com\/product\/yoast-seo-wordpress\/ -->\n<title>8\u00e8mes Journ\u00e9es nationales des maladies du bois - LVBE - Laboratoire Vigne, Biotechnologies, Environnement | Universit\u00e9 de Haute-Alsace<\/title>\n<meta name=\"robots\" content=\"index, follow, max-snippet:-1, max-image-preview:large, max-video-preview:-1\" \/>\n<link rel=\"canonical\" href=\"https:\/\/www.lvbe.uha.fr\/index.php\/8emes-journees-nationales-des-maladies-du-bois\/\" \/>\n<meta property=\"og:locale\" content=\"fr_FR\" \/>\n<meta property=\"og:type\" content=\"article\" \/>\n<meta property=\"og:title\" content=\"8\u00e8mes Journ\u00e9es nationales des maladies du bois - LVBE - Laboratoire Vigne, Biotechnologies, Environnement | Universit\u00e9 de Haute-Alsace\" \/>\n<meta property=\"og:description\" content=\"Le LVBE y participe avec la pr\u00e9sentation de Christophe BERTSCH : Revue sur Fomitiporia mediterranea, dans la section CONNAISSANCES PATHOGENES Ces journ\u00e9es se tiendront les mercredi 2 &amp; jeudi 3 avril 2025 chez Hennessy \u2013 Rue de la Richonne, 16100 Cognac. &nbsp;\" \/>\n<meta property=\"og:url\" content=\"https:\/\/www.lvbe.uha.fr\/index.php\/8emes-journees-nationales-des-maladies-du-bois\/\" \/>\n<meta property=\"og:site_name\" content=\"LVBE - Laboratoire Vigne, Biotechnologies, Environnement | Universit\u00e9 de Haute-Alsace\" \/>\n<meta property=\"article:published_time\" content=\"2025-03-20T10:21:03+00:00\" \/>\n<meta property=\"article:modified_time\" content=\"2025-04-04T08:34:09+00:00\" \/>\n<meta property=\"og:image\" content=\"https:\/\/www.lvbe.uha.fr\/wp-content\/uploads\/2025\/03\/8eme-journee-des-maladies-du-bois-de-la-vigne-avril-2025.png\" \/>\n\t<meta property=\"og:image:width\" content=\"1886\" \/>\n\t<meta property=\"og:image:height\" content=\"474\" \/>\n\t<meta property=\"og:image:type\" content=\"image\/png\" \/>\n<meta name=\"author\" content=\"H\u00e9l\u00e8ne Laloue\" \/>\n<meta name=\"twitter:card\" content=\"summary_large_image\" \/>\n<meta name=\"twitter:label1\" content=\"\u00c9crit par\" \/>\n\t<meta name=\"twitter:data1\" content=\"H\u00e9l\u00e8ne Laloue\" \/>\n\t<meta name=\"twitter:label2\" content=\"Dur\u00e9e de lecture estim\u00e9e\" \/>\n\t<meta name=\"twitter:data2\" content=\"1 minute\" \/>\n<script type=\"application\/ld+json\" class=\"yoast-schema-graph\">{\"@context\":\"https:\\\/\\\/schema.org\",\"@graph\":[{\"@type\":\"Article\",\"@id\":\"https:\\\/\\\/www.lvbe.uha.fr\\\/index.php\\\/8emes-journees-nationales-des-maladies-du-bois\\\/#article\",\"isPartOf\":{\"@id\":\"https:\\\/\\\/www.lvbe.uha.fr\\\/index.php\\\/8emes-journees-nationales-des-maladies-du-bois\\\/\"},\"author\":{\"name\":\"H\u00e9l\u00e8ne Laloue\",\"@id\":\"https:\\\/\\\/www.lvbe.uha.fr\\\/#\\\/schema\\\/person\\\/b7b7a9b8dec78d30e19c0ad6a930939e\"},\"headline\":\"8\u00e8mes Journ\u00e9es nationales des maladies du bois\",\"datePublished\":\"2025-03-20T10:21:03+00:00\",\"dateModified\":\"2025-04-04T08:34:09+00:00\",\"mainEntityOfPage\":{\"@id\":\"https:\\\/\\\/www.lvbe.uha.fr\\\/index.php\\\/8emes-journees-nationales-des-maladies-du-bois\\\/\"},\"wordCount\":46,\"image\":{\"@id\":\"https:\\\/\\\/www.lvbe.uha.fr\\\/index.php\\\/8emes-journees-nationales-des-maladies-du-bois\\\/#primaryimage\"},\"thumbnailUrl\":\"https:\\\/\\\/www.lvbe.uha.fr\\\/wp-content\\\/uploads\\\/2025\\\/03\\\/8eme-journee-des-maladies-du-bois-de-la-vigne-avril-2025.png\",\"articleSection\":[\"Actualit\u00e9s\",\"Actualit\u00e9s &amp; conf\u00e9rences\"],\"inLanguage\":\"fr-FR\"},{\"@type\":\"WebPage\",\"@id\":\"https:\\\/\\\/www.lvbe.uha.fr\\\/index.php\\\/8emes-journees-nationales-des-maladies-du-bois\\\/\",\"url\":\"https:\\\/\\\/www.lvbe.uha.fr\\\/index.php\\\/8emes-journees-nationales-des-maladies-du-bois\\\/\",\"name\":\"8\u00e8mes Journ\u00e9es nationales des maladies du bois - LVBE - Laboratoire Vigne, Biotechnologies, Environnement | Universit\u00e9 de Haute-Alsace\",\"isPartOf\":{\"@id\":\"https:\\\/\\\/www.lvbe.uha.fr\\\/#website\"},\"primaryImageOfPage\":{\"@id\":\"https:\\\/\\\/www.lvbe.uha.fr\\\/index.php\\\/8emes-journees-nationales-des-maladies-du-bois\\\/#primaryimage\"},\"image\":{\"@id\":\"https:\\\/\\\/www.lvbe.uha.fr\\\/index.php\\\/8emes-journees-nationales-des-maladies-du-bois\\\/#primaryimage\"},\"thumbnailUrl\":\"https:\\\/\\\/www.lvbe.uha.fr\\\/wp-content\\\/uploads\\\/2025\\\/03\\\/8eme-journee-des-maladies-du-bois-de-la-vigne-avril-2025.png\",\"datePublished\":\"2025-03-20T10:21:03+00:00\",\"dateModified\":\"2025-04-04T08:34:09+00:00\",\"author\":{\"@id\":\"https:\\\/\\\/www.lvbe.uha.fr\\\/#\\\/schema\\\/person\\\/b7b7a9b8dec78d30e19c0ad6a930939e\"},\"breadcrumb\":{\"@id\":\"https:\\\/\\\/www.lvbe.uha.fr\\\/index.php\\\/8emes-journees-nationales-des-maladies-du-bois\\\/#breadcrumb\"},\"inLanguage\":\"fr-FR\",\"potentialAction\":[{\"@type\":\"ReadAction\",\"target\":[\"https:\\\/\\\/www.lvbe.uha.fr\\\/index.php\\\/8emes-journees-nationales-des-maladies-du-bois\\\/\"]}]},{\"@type\":\"ImageObject\",\"inLanguage\":\"fr-FR\",\"@id\":\"https:\\\/\\\/www.lvbe.uha.fr\\\/index.php\\\/8emes-journees-nationales-des-maladies-du-bois\\\/#primaryimage\",\"url\":\"https:\\\/\\\/www.lvbe.uha.fr\\\/wp-content\\\/uploads\\\/2025\\\/03\\\/8eme-journee-des-maladies-du-bois-de-la-vigne-avril-2025.png\",\"contentUrl\":\"https:\\\/\\\/www.lvbe.uha.fr\\\/wp-content\\\/uploads\\\/2025\\\/03\\\/8eme-journee-des-maladies-du-bois-de-la-vigne-avril-2025.png\",\"width\":1886,\"height\":474},{\"@type\":\"BreadcrumbList\",\"@id\":\"https:\\\/\\\/www.lvbe.uha.fr\\\/index.php\\\/8emes-journees-nationales-des-maladies-du-bois\\\/#breadcrumb\",\"itemListElement\":[{\"@type\":\"ListItem\",\"position\":1,\"name\":\"Accueil\",\"item\":\"https:\\\/\\\/www.lvbe.uha.fr\\\/\"},{\"@type\":\"ListItem\",\"position\":2,\"name\":\"8\u00e8mes Journ\u00e9es nationales des maladies du bois\"}]},{\"@type\":\"WebSite\",\"@id\":\"https:\\\/\\\/www.lvbe.uha.fr\\\/#website\",\"url\":\"https:\\\/\\\/www.lvbe.uha.fr\\\/\",\"name\":\"LVBE - Laboratoire Vigne, Biotechnologies, Environnement | Universit\u00e9 de Haute-Alsace\",\"description\":\"Campus Biop\u00f4le | Universit\u00e9 de Haute-Alsace\",\"potentialAction\":[{\"@type\":\"SearchAction\",\"target\":{\"@type\":\"EntryPoint\",\"urlTemplate\":\"https:\\\/\\\/www.lvbe.uha.fr\\\/?s={search_term_string}\"},\"query-input\":{\"@type\":\"PropertyValueSpecification\",\"valueRequired\":true,\"valueName\":\"search_term_string\"}}],\"inLanguage\":\"fr-FR\"},{\"@type\":\"Person\",\"@id\":\"https:\\\/\\\/www.lvbe.uha.fr\\\/#\\\/schema\\\/person\\\/b7b7a9b8dec78d30e19c0ad6a930939e\",\"name\":\"H\u00e9l\u00e8ne Laloue\",\"image\":{\"@type\":\"ImageObject\",\"inLanguage\":\"fr-FR\",\"@id\":\"https:\\\/\\\/secure.gravatar.com\\\/avatar\\\/d933c01a652a9f44ca6e3fcf58cb3b252089eccb5e39de6bc9d72a0d4e012361?s=96&d=mm&r=g\",\"url\":\"https:\\\/\\\/secure.gravatar.com\\\/avatar\\\/d933c01a652a9f44ca6e3fcf58cb3b252089eccb5e39de6bc9d72a0d4e012361?s=96&d=mm&r=g\",\"contentUrl\":\"https:\\\/\\\/secure.gravatar.com\\\/avatar\\\/d933c01a652a9f44ca6e3fcf58cb3b252089eccb5e39de6bc9d72a0d4e012361?s=96&d=mm&r=g\",\"caption\":\"H\u00e9l\u00e8ne Laloue\"},\"url\":\"https:\\\/\\\/www.lvbe.uha.fr\\\/index.php\\\/author\\\/helene-laloueuha-fr\\\/\"}]}<\/script>\n<!-- \/ Yoast SEO plugin. -->","yoast_head_json":{"title":"8\u00e8mes Journ\u00e9es nationales des maladies du bois - LVBE - Laboratoire Vigne, Biotechnologies, Environnement | Universit\u00e9 de Haute-Alsace","robots":{"index":"index","follow":"follow","max-snippet":"max-snippet:-1","max-image-preview":"max-image-preview:large","max-video-preview":"max-video-preview:-1"},"canonical":"https:\/\/www.lvbe.uha.fr\/index.php\/8emes-journees-nationales-des-maladies-du-bois\/","og_locale":"fr_FR","og_type":"article","og_title":"8\u00e8mes Journ\u00e9es nationales des maladies du bois - LVBE - Laboratoire Vigne, Biotechnologies, Environnement | Universit\u00e9 de Haute-Alsace","og_description":"Le LVBE y participe avec la pr\u00e9sentation de Christophe BERTSCH : Revue sur Fomitiporia mediterranea, dans la section CONNAISSANCES PATHOGENES Ces journ\u00e9es se tiendront les mercredi 2 &amp; jeudi 3 avril 2025 chez Hennessy \u2013 Rue de la Richonne, 16100 Cognac. &nbsp;","og_url":"https:\/\/www.lvbe.uha.fr\/index.php\/8emes-journees-nationales-des-maladies-du-bois\/","og_site_name":"LVBE - Laboratoire Vigne, Biotechnologies, Environnement | Universit\u00e9 de Haute-Alsace","article_published_time":"2025-03-20T10:21:03+00:00","article_modified_time":"2025-04-04T08:34:09+00:00","og_image":[{"width":1886,"height":474,"url":"https:\/\/www.lvbe.uha.fr\/wp-content\/uploads\/2025\/03\/8eme-journee-des-maladies-du-bois-de-la-vigne-avril-2025.png","type":"image\/png"}],"author":"H\u00e9l\u00e8ne Laloue","twitter_card":"summary_large_image","twitter_misc":{"\u00c9crit par":"H\u00e9l\u00e8ne Laloue","Dur\u00e9e de lecture estim\u00e9e":"1 minute"},"schema":{"@context":"https:\/\/schema.org","@graph":[{"@type":"Article","@id":"https:\/\/www.lvbe.uha.fr\/index.php\/8emes-journees-nationales-des-maladies-du-bois\/#article","isPartOf":{"@id":"https:\/\/www.lvbe.uha.fr\/index.php\/8emes-journees-nationales-des-maladies-du-bois\/"},"author":{"name":"H\u00e9l\u00e8ne Laloue","@id":"https:\/\/www.lvbe.uha.fr\/#\/schema\/person\/b7b7a9b8dec78d30e19c0ad6a930939e"},"headline":"8\u00e8mes Journ\u00e9es nationales des maladies du bois","datePublished":"2025-03-20T10:21:03+00:00","dateModified":"2025-04-04T08:34:09+00:00","mainEntityOfPage":{"@id":"https:\/\/www.lvbe.uha.fr\/index.php\/8emes-journees-nationales-des-maladies-du-bois\/"},"wordCount":46,"image":{"@id":"https:\/\/www.lvbe.uha.fr\/index.php\/8emes-journees-nationales-des-maladies-du-bois\/#primaryimage"},"thumbnailUrl":"https:\/\/www.lvbe.uha.fr\/wp-content\/uploads\/2025\/03\/8eme-journee-des-maladies-du-bois-de-la-vigne-avril-2025.png","articleSection":["Actualit\u00e9s","Actualit\u00e9s &amp; conf\u00e9rences"],"inLanguage":"fr-FR"},{"@type":"WebPage","@id":"https:\/\/www.lvbe.uha.fr\/index.php\/8emes-journees-nationales-des-maladies-du-bois\/","url":"https:\/\/www.lvbe.uha.fr\/index.php\/8emes-journees-nationales-des-maladies-du-bois\/","name":"8\u00e8mes Journ\u00e9es nationales des maladies du bois - LVBE - Laboratoire Vigne, Biotechnologies, Environnement | Universit\u00e9 de Haute-Alsace","isPartOf":{"@id":"https:\/\/www.lvbe.uha.fr\/#website"},"primaryImageOfPage":{"@id":"https:\/\/www.lvbe.uha.fr\/index.php\/8emes-journees-nationales-des-maladies-du-bois\/#primaryimage"},"image":{"@id":"https:\/\/www.lvbe.uha.fr\/index.php\/8emes-journees-nationales-des-maladies-du-bois\/#primaryimage"},"thumbnailUrl":"https:\/\/www.lvbe.uha.fr\/wp-content\/uploads\/2025\/03\/8eme-journee-des-maladies-du-bois-de-la-vigne-avril-2025.png","datePublished":"2025-03-20T10:21:03+00:00","dateModified":"2025-04-04T08:34:09+00:00","author":{"@id":"https:\/\/www.lvbe.uha.fr\/#\/schema\/person\/b7b7a9b8dec78d30e19c0ad6a930939e"},"breadcrumb":{"@id":"https:\/\/www.lvbe.uha.fr\/index.php\/8emes-journees-nationales-des-maladies-du-bois\/#breadcrumb"},"inLanguage":"fr-FR","potentialAction":[{"@type":"ReadAction","target":["https:\/\/www.lvbe.uha.fr\/index.php\/8emes-journees-nationales-des-maladies-du-bois\/"]}]},{"@type":"ImageObject","inLanguage":"fr-FR","@id":"https:\/\/www.lvbe.uha.fr\/index.php\/8emes-journees-nationales-des-maladies-du-bois\/#primaryimage","url":"https:\/\/www.lvbe.uha.fr\/wp-content\/uploads\/2025\/03\/8eme-journee-des-maladies-du-bois-de-la-vigne-avril-2025.png","contentUrl":"https:\/\/www.lvbe.uha.fr\/wp-content\/uploads\/2025\/03\/8eme-journee-des-maladies-du-bois-de-la-vigne-avril-2025.png","width":1886,"height":474},{"@type":"BreadcrumbList","@id":"https:\/\/www.lvbe.uha.fr\/index.php\/8emes-journees-nationales-des-maladies-du-bois\/#breadcrumb","itemListElement":[{"@type":"ListItem","position":1,"name":"Accueil","item":"https:\/\/www.lvbe.uha.fr\/"},{"@type":"ListItem","position":2,"name":"8\u00e8mes Journ\u00e9es nationales des maladies du bois"}]},{"@type":"WebSite","@id":"https:\/\/www.lvbe.uha.fr\/#website","url":"https:\/\/www.lvbe.uha.fr\/","name":"LVBE - Laboratoire Vigne, Biotechnologies, Environnement | Universit\u00e9 de Haute-Alsace","description":"Campus Biop\u00f4le | Universit\u00e9 de Haute-Alsace","potentialAction":[{"@type":"SearchAction","target":{"@type":"EntryPoint","urlTemplate":"https:\/\/www.lvbe.uha.fr\/?s={search_term_string}"},"query-input":{"@type":"PropertyValueSpecification","valueRequired":true,"valueName":"search_term_string"}}],"inLanguage":"fr-FR"},{"@type":"Person","@id":"https:\/\/www.lvbe.uha.fr\/#\/schema\/person\/b7b7a9b8dec78d30e19c0ad6a930939e","name":"H\u00e9l\u00e8ne Laloue","image":{"@type":"ImageObject","inLanguage":"fr-FR","@id":"https:\/\/secure.gravatar.com\/avatar\/d933c01a652a9f44ca6e3fcf58cb3b252089eccb5e39de6bc9d72a0d4e012361?s=96&d=mm&r=g","url":"https:\/\/secure.gravatar.com\/avatar\/d933c01a652a9f44ca6e3fcf58cb3b252089eccb5e39de6bc9d72a0d4e012361?s=96&d=mm&r=g","contentUrl":"https:\/\/secure.gravatar.com\/avatar\/d933c01a652a9f44ca6e3fcf58cb3b252089eccb5e39de6bc9d72a0d4e012361?s=96&d=mm&r=g","caption":"H\u00e9l\u00e8ne Laloue"},"url":"https:\/\/www.lvbe.uha.fr\/index.php\/author\/helene-laloueuha-fr\/"}]}},"_links":{"self":[{"href":"https:\/\/www.lvbe.uha.fr\/index.php\/wp-json\/wp\/v2\/posts\/4589","targetHints":{"allow":["GET"]}}],"collection":[{"href":"https:\/\/www.lvbe.uha.fr\/index.php\/wp-json\/wp\/v2\/posts"}],"about":[{"href":"https:\/\/www.lvbe.uha.fr\/index.php\/wp-json\/wp\/v2\/types\/post"}],"author":[{"embeddable":true,"href":"https:\/\/www.lvbe.uha.fr\/index.php\/wp-json\/wp\/v2\/users\/2"}],"replies":[{"embeddable":true,"href":"https:\/\/www.lvbe.uha.fr\/index.php\/wp-json\/wp\/v2\/comments?post=4589"}],"version-history":[{"count":5,"href":"https:\/\/www.lvbe.uha.fr\/index.php\/wp-json\/wp\/v2\/posts\/4589\/revisions"}],"predecessor-version":[{"id":4599,"href":"https:\/\/www.lvbe.uha.fr\/index.php\/wp-json\/wp\/v2\/posts\/4589\/revisions\/4599"}],"wp:featuredmedia":[{"embeddable":true,"href":"https:\/\/www.lvbe.uha.fr\/index.php\/wp-json\/wp\/v2\/media\/4590"}],"wp:attachment":[{"href":"https:\/\/www.lvbe.uha.fr\/index.php\/wp-json\/wp\/v2\/media?parent=4589"}],"wp:term":[{"taxonomy":"category","embeddable":true,"href":"https:\/\/www.lvbe.uha.fr\/index.php\/wp-json\/wp\/v2\/categories?post=4589"},{"taxonomy":"post_tag","embeddable":true,"href":"https:\/\/www.lvbe.uha.fr\/index.php\/wp-json\/wp\/v2\/tags?post=4589"}],"curies":[{"name":"wp","href":"https:\/\/api.w.org\/{rel}","templated":true}]}}