{"id":4369,"date":"2024-06-06T14:13:26","date_gmt":"2024-06-06T12:13:26","guid":{"rendered":"https:\/\/www.lvbe.uha.fr\/?p=4369"},"modified":"2024-06-06T14:14:15","modified_gmt":"2024-06-06T12:14:15","slug":"visite-de-lacademie-dagriculture-de-france-au-biopole-de-colmar","status":"publish","type":"post","link":"https:\/\/www.lvbe.uha.fr\/index.php\/visite-de-lacademie-dagriculture-de-france-au-biopole-de-colmar\/","title":{"rendered":"Visite de l&rsquo;Acad\u00e9mie d&rsquo;agriculture de France au Biop\u00f4le de Colmar"},"content":{"rendered":"<p><img loading=\"lazy\" decoding=\"async\" class=\"alignleft size-medium wp-image-4372\" src=\"https:\/\/www.lvbe.uha.fr\/wp-content\/uploads\/2024\/06\/IMG_7781-300x225.jpg\" alt=\"Visite de l'Acad\u00e9mie d'agriculture de France au biop\u00f4le de Colmar le 31 mai 2024\" width=\"300\" height=\"225\" srcset=\"https:\/\/www.lvbe.uha.fr\/wp-content\/uploads\/2024\/06\/IMG_7781-300x225.jpg 300w, https:\/\/www.lvbe.uha.fr\/wp-content\/uploads\/2024\/06\/IMG_7781-1024x768.jpg 1024w, https:\/\/www.lvbe.uha.fr\/wp-content\/uploads\/2024\/06\/IMG_7781-768x576.jpg 768w, https:\/\/www.lvbe.uha.fr\/wp-content\/uploads\/2024\/06\/IMG_7781-1536x1152.jpg 1536w, https:\/\/www.lvbe.uha.fr\/wp-content\/uploads\/2024\/06\/IMG_7781-2048x1536.jpg 2048w, https:\/\/www.lvbe.uha.fr\/wp-content\/uploads\/2024\/06\/IMG_7781-135x100.jpg 135w\" sizes=\"auto, (max-width: 300px) 100vw, 300px\" \/>Le 31 mai 2024, a eu lieu une \u00ab\u00a0<strong>Visite de l&rsquo;Acad\u00e9mie d&rsquo;agriculture de France<\/strong>\u00a0\u00bb au Biop\u00f4le de Colmar \u00e0 l&rsquo;I.U.T. d\u00e9partement G\u00e9nie Biologique et au Centre INRAe,\u00a0 sur le th\u00e8me \u00ab\u00a0Vigne et vin <span id=\"OBJ_PREFIX_DWT137_com_zimbra_date\" class=\"Object\" role=\"link\"><span id=\"OBJ_PREFIX_DWT149_com_zimbra_date\" class=\"Object-active\" role=\"link\">demain<\/span><\/span>\u00ab\u00a0.<\/p>\n<p><span class=\"fontstyle0\">En pr\u00e9sence de :<br \/>\n&#8211; membres de l\u2019Acad\u00e9mie d\u2019agriculture de France,<br \/>\n&#8211; membre de l\u2019Acad\u00e9mie d\u2019Alsace, sciences, arts et lettres,<br \/>\n&#8211; membres des Acad\u00e9mies nationales de l\u2019Est (Besan\u00e7on, Dijon, Metz, Nancy,<br \/>\nReims),<br \/>\n&#8211; <strong>enseignants-chercheurs du D\u00e9partement G\u00e9nie biologique de l&rsquo;IUT de Colmar,<\/strong> Universit\u00e9 de<br \/>\nHaute Alsace,<\/span><\/p>\n<p><span class=\"fontstyle0\">&#8211; <strong>personnel technique et th\u00e9sard du Laboratoire Vigne Biotechnologies et Environnement du Biop\u00f4le de Colmar<\/strong>, Universit\u00e9 de<br \/>\nHaute Alsace,<br \/>\n&#8211; \u00e9tudiants de l\u2019IUT de Colmar, Universit\u00e9 de Haute Alsace.<br \/>\n<\/span><\/p>\n<p>&nbsp;<\/p>\n<p><img loading=\"lazy\" decoding=\"async\" class=\"alignright wp-image-4373 size-large\" src=\"https:\/\/www.lvbe.uha.fr\/wp-content\/uploads\/2024\/06\/IMG_7782-1024x768.jpg\" alt=\"Visite de l'Acad\u00e9mie d'agriculture de France au biop\u00f4le de Colmar le 31 mai 2024\" width=\"750\" height=\"563\" srcset=\"https:\/\/www.lvbe.uha.fr\/wp-content\/uploads\/2024\/06\/IMG_7782-1024x768.jpg 1024w, https:\/\/www.lvbe.uha.fr\/wp-content\/uploads\/2024\/06\/IMG_7782-300x225.jpg 300w, https:\/\/www.lvbe.uha.fr\/wp-content\/uploads\/2024\/06\/IMG_7782-768x576.jpg 768w, https:\/\/www.lvbe.uha.fr\/wp-content\/uploads\/2024\/06\/IMG_7782-1536x1152.jpg 1536w, https:\/\/www.lvbe.uha.fr\/wp-content\/uploads\/2024\/06\/IMG_7782-2048x1536.jpg 2048w, https:\/\/www.lvbe.uha.fr\/wp-content\/uploads\/2024\/06\/IMG_7782-135x100.jpg 135w\" sizes=\"auto, (max-width: 750px) 100vw, 750px\" \/>Conf\u00e9rences du matin anim\u00e9es par <b>Herv\u00e9 THIS<\/b> connu mondialement pour \u00eatre l&rsquo;inventeur de\u00a0la cuisine mol\u00e9culaire puis de\u00a0la cuisine de synth\u00e8se, surnomm\u00e9e\u00a0<span class=\"citation\">\u00ab\u00a0<span id=\"OBJ_PREFIX_DWT162_com_zimbra_url\" class=\"Object\" role=\"link\"><span id=\"OBJ_PREFIX_DWT163_com_zimbra_url\" class=\"Object\" role=\"link\">cuisine note \u00e0 note<\/span><\/span> \u00bb.<\/span><\/p>\n<p><span class=\"fontstyle0\"><strong>Didier Merdinoglu<\/strong> (INRAE Colmar) : <strong>L\u2019avenir de la viticulture passe-t-il par l\u2019am\u00e9lioration g\u00e9n\u00e9tique de la vigne ?<\/strong><\/span><\/p>\n<p><span class=\"fontstyle0\"><strong>Marc Andr\u00e9 Selosse<\/strong> (Mus\u00e9um national d\u2019histoire naturelle de Paris, Acad\u00e9mie d\u2019agriculture de France) : <strong>Des microbes pour soigner et prot\u00e9ger la vigne.<\/strong><\/span><\/p>\n<p><span class=\"fontstyle0\"><strong>Jean Louis Schlienger<\/strong> (Universit\u00e9 de Strasbourg, Acad\u00e9mie d\u2019Alsace) : <\/span><strong><span class=\"fontstyle2\">Vin et sant\u00e9 : que reste-t-il du paradoxe fran\u00e7ais ?<\/span><\/strong><\/p>\n<p><span class=\"fontstyle0\"><strong>Jean Louis V\u00e9zien<\/strong> (Ing\u00e9nieur agronome- \u0153nologue, ancien directeur du Conseil Interprofessionnel des Vins d&rsquo;Alsace) : <\/span><strong><span class=\"fontstyle2\">Le consommateur de vin demain.<\/span><\/strong><\/p>\n<p>Puis<\/p>\n<p><span class=\"fontstyle0\"><strong>Jean-Baptiste Adam<\/strong> : <\/span><span class=\"fontstyle2\">Comment s\u2019adapter \u00e0 un climat en changement. <\/span><span class=\"fontstyle0\">Discussion<br \/>\n\u00e0 propos, notamment, des crus 2019:<br \/>\n&#8211; Riesling Grand Cru Kaefferkopf Vieilles vignes 2019<br \/>\n-Gewurztraminer Grand Cru Kaefferkopf Vieilles Vignes 2019<br \/>\n-Le Grand K Grand Cru Kaefferkopf 2019<\/span><\/p>\n<p><span class=\"fontstyle0\"><strong>Andr\u00e9 Fougeroux<\/strong> : Pr\u00e9sentation des planches de Redout\u00e9<\/span><\/p>\n<p><span class=\"fontstyle0\"><img loading=\"lazy\" decoding=\"async\" class=\"alignleft size-medium wp-image-4370\" src=\"https:\/\/www.lvbe.uha.fr\/wp-content\/uploads\/2024\/06\/IMG_7779-225x300.jpg\" alt=\"Visite de l'Acad\u00e9mie d'agriculture de France au biop\u00f4le de Colmar le 31 mai 2024\" width=\"225\" height=\"300\" srcset=\"https:\/\/www.lvbe.uha.fr\/wp-content\/uploads\/2024\/06\/IMG_7779-225x300.jpg 225w, https:\/\/www.lvbe.uha.fr\/wp-content\/uploads\/2024\/06\/IMG_7779-768x1024.jpg 768w, https:\/\/www.lvbe.uha.fr\/wp-content\/uploads\/2024\/06\/IMG_7779-1152x1536.jpg 1152w, https:\/\/www.lvbe.uha.fr\/wp-content\/uploads\/2024\/06\/IMG_7779-1536x2048.jpg 1536w, https:\/\/www.lvbe.uha.fr\/wp-content\/uploads\/2024\/06\/IMG_7779-scaled.jpg 1920w\" sizes=\"auto, (max-width: 225px) 100vw, 225px\" \/><img loading=\"lazy\" decoding=\"async\" class=\"alignleft size-medium wp-image-4374\" src=\"https:\/\/www.lvbe.uha.fr\/wp-content\/uploads\/2024\/06\/IMG_7784-300x225.jpg\" alt=\"Visite de l'Acad\u00e9mie d'agriculture de France au biop\u00f4le de Colmar le 31 mai 2024\" width=\"300\" height=\"225\" srcset=\"https:\/\/www.lvbe.uha.fr\/wp-content\/uploads\/2024\/06\/IMG_7784-300x225.jpg 300w, https:\/\/www.lvbe.uha.fr\/wp-content\/uploads\/2024\/06\/IMG_7784-1024x768.jpg 1024w, https:\/\/www.lvbe.uha.fr\/wp-content\/uploads\/2024\/06\/IMG_7784-768x576.jpg 768w, https:\/\/www.lvbe.uha.fr\/wp-content\/uploads\/2024\/06\/IMG_7784-1536x1152.jpg 1536w, https:\/\/www.lvbe.uha.fr\/wp-content\/uploads\/2024\/06\/IMG_7784-2048x1536.jpg 2048w, https:\/\/www.lvbe.uha.fr\/wp-content\/uploads\/2024\/06\/IMG_7784-135x100.jpg 135w\" sizes=\"auto, (max-width: 300px) 100vw, 300px\" \/><img loading=\"lazy\" decoding=\"async\" class=\"alignleft size-medium wp-image-4371\" src=\"https:\/\/www.lvbe.uha.fr\/wp-content\/uploads\/2024\/06\/IMG_7780-225x300.jpg\" alt=\"Visite de l'Acad\u00e9mie d'agriculture de France au biop\u00f4le de Colmar le 31 mai 2024\" width=\"225\" height=\"300\" srcset=\"https:\/\/www.lvbe.uha.fr\/wp-content\/uploads\/2024\/06\/IMG_7780-225x300.jpg 225w, https:\/\/www.lvbe.uha.fr\/wp-content\/uploads\/2024\/06\/IMG_7780-768x1024.jpg 768w, https:\/\/www.lvbe.uha.fr\/wp-content\/uploads\/2024\/06\/IMG_7780-1152x1536.jpg 1152w, https:\/\/www.lvbe.uha.fr\/wp-content\/uploads\/2024\/06\/IMG_7780-1536x2048.jpg 1536w, https:\/\/www.lvbe.uha.fr\/wp-content\/uploads\/2024\/06\/IMG_7780-scaled.jpg 1920w\" sizes=\"auto, (max-width: 225px) 100vw, 225px\" \/>Apr\u00e8s midi<br \/>\nVisite du Centre INRAe de Colmar, avec d\u00e9gustation de vins correspondant \u00e0 la<br \/>\nvisite, par Fr\u00e9d\u00e9rique Pelsy (ancienne Pr\u00e9sidente du Centre INRAE de Colmar)<br \/>\nD\u00e9gustation de vins exp\u00e9rimentaux.<\/span><\/p>\n","protected":false},"excerpt":{"rendered":"<p>Le 31 mai 2024, a eu lieu une \u00ab\u00a0Visite de l&rsquo;Acad\u00e9mie d&rsquo;agriculture de France\u00a0\u00bb au Biop\u00f4le de Colmar \u00e0 l&rsquo;I.U.T. d\u00e9partement G\u00e9nie Biologique et au Centre INRAe,\u00a0 sur le th\u00e8me \u00ab\u00a0Vigne et vin demain\u00ab\u00a0. En pr\u00e9sence de : &#8211; membres de l\u2019Acad\u00e9mie d\u2019agriculture de France, &#8211; membre de l\u2019Acad\u00e9mie d\u2019Alsace, sciences, arts et lettres, &#8211; [&hellip;]<\/p>\n","protected":false},"author":2,"featured_media":4374,"comment_status":"closed","ping_status":"closed","sticky":false,"template":"","format":"standard","meta":{"footnotes":""},"categories":[4,7],"tags":[],"class_list":["post-4369","post","type-post","status-publish","format-standard","has-post-thumbnail","hentry","category-actualites","category-actualites-conferences"],"yoast_head":"<!-- This site is optimized with the Yoast SEO plugin v27.4 - https:\/\/yoast.com\/product\/yoast-seo-wordpress\/ -->\n<title>Visite de l&#039;Acad\u00e9mie d&#039;agriculture de France au Biop\u00f4le de Colmar - LVBE - Laboratoire Vigne, Biotechnologies, Environnement | Universit\u00e9 de Haute-Alsace<\/title>\n<meta name=\"robots\" content=\"index, follow, max-snippet:-1, max-image-preview:large, max-video-preview:-1\" \/>\n<link rel=\"canonical\" href=\"https:\/\/www.lvbe.uha.fr\/index.php\/visite-de-lacademie-dagriculture-de-france-au-biopole-de-colmar\/\" \/>\n<meta property=\"og:locale\" content=\"fr_FR\" \/>\n<meta property=\"og:type\" content=\"article\" \/>\n<meta property=\"og:title\" content=\"Visite de l&#039;Acad\u00e9mie d&#039;agriculture de France au Biop\u00f4le de Colmar - LVBE - Laboratoire Vigne, Biotechnologies, Environnement | Universit\u00e9 de Haute-Alsace\" \/>\n<meta property=\"og:description\" content=\"Le 31 mai 2024, a eu lieu une \u00ab\u00a0Visite de l&rsquo;Acad\u00e9mie d&rsquo;agriculture de France\u00a0\u00bb au Biop\u00f4le de Colmar \u00e0 l&rsquo;I.U.T. d\u00e9partement G\u00e9nie Biologique et au Centre INRAe,\u00a0 sur le th\u00e8me \u00ab\u00a0Vigne et vin demain\u00ab\u00a0. En pr\u00e9sence de : &#8211; membres de l\u2019Acad\u00e9mie d\u2019agriculture de France, &#8211; membre de l\u2019Acad\u00e9mie d\u2019Alsace, sciences, arts et lettres, &#8211; [&hellip;]\" \/>\n<meta property=\"og:url\" content=\"https:\/\/www.lvbe.uha.fr\/index.php\/visite-de-lacademie-dagriculture-de-france-au-biopole-de-colmar\/\" \/>\n<meta property=\"og:site_name\" content=\"LVBE - Laboratoire Vigne, Biotechnologies, Environnement | Universit\u00e9 de Haute-Alsace\" \/>\n<meta property=\"article:published_time\" content=\"2024-06-06T12:13:26+00:00\" \/>\n<meta property=\"article:modified_time\" content=\"2024-06-06T12:14:15+00:00\" \/>\n<meta property=\"og:image\" content=\"https:\/\/www.lvbe.uha.fr\/wp-content\/uploads\/2024\/06\/IMG_7784-scaled.jpg\" \/>\n\t<meta property=\"og:image:width\" content=\"2560\" \/>\n\t<meta property=\"og:image:height\" content=\"1920\" \/>\n\t<meta property=\"og:image:type\" content=\"image\/jpeg\" \/>\n<meta name=\"author\" content=\"H\u00e9l\u00e8ne Laloue\" \/>\n<meta name=\"twitter:card\" content=\"summary_large_image\" \/>\n<meta name=\"twitter:label1\" content=\"\u00c9crit par\" \/>\n\t<meta name=\"twitter:data1\" content=\"H\u00e9l\u00e8ne Laloue\" \/>\n\t<meta name=\"twitter:label2\" content=\"Dur\u00e9e de lecture estim\u00e9e\" \/>\n\t<meta name=\"twitter:data2\" content=\"3 minutes\" \/>\n<script type=\"application\/ld+json\" class=\"yoast-schema-graph\">{\"@context\":\"https:\\\/\\\/schema.org\",\"@graph\":[{\"@type\":\"Article\",\"@id\":\"https:\\\/\\\/www.lvbe.uha.fr\\\/index.php\\\/visite-de-lacademie-dagriculture-de-france-au-biopole-de-colmar\\\/#article\",\"isPartOf\":{\"@id\":\"https:\\\/\\\/www.lvbe.uha.fr\\\/index.php\\\/visite-de-lacademie-dagriculture-de-france-au-biopole-de-colmar\\\/\"},\"author\":{\"name\":\"H\u00e9l\u00e8ne Laloue\",\"@id\":\"https:\\\/\\\/www.lvbe.uha.fr\\\/#\\\/schema\\\/person\\\/b7b7a9b8dec78d30e19c0ad6a930939e\"},\"headline\":\"Visite de l&rsquo;Acad\u00e9mie d&rsquo;agriculture de France au Biop\u00f4le de Colmar\",\"datePublished\":\"2024-06-06T12:13:26+00:00\",\"dateModified\":\"2024-06-06T12:14:15+00:00\",\"mainEntityOfPage\":{\"@id\":\"https:\\\/\\\/www.lvbe.uha.fr\\\/index.php\\\/visite-de-lacademie-dagriculture-de-france-au-biopole-de-colmar\\\/\"},\"wordCount\":335,\"image\":{\"@id\":\"https:\\\/\\\/www.lvbe.uha.fr\\\/index.php\\\/visite-de-lacademie-dagriculture-de-france-au-biopole-de-colmar\\\/#primaryimage\"},\"thumbnailUrl\":\"https:\\\/\\\/www.lvbe.uha.fr\\\/wp-content\\\/uploads\\\/2024\\\/06\\\/IMG_7784-scaled.jpg\",\"articleSection\":[\"Actualit\u00e9s\",\"Actualit\u00e9s &amp; conf\u00e9rences\"],\"inLanguage\":\"fr-FR\"},{\"@type\":\"WebPage\",\"@id\":\"https:\\\/\\\/www.lvbe.uha.fr\\\/index.php\\\/visite-de-lacademie-dagriculture-de-france-au-biopole-de-colmar\\\/\",\"url\":\"https:\\\/\\\/www.lvbe.uha.fr\\\/index.php\\\/visite-de-lacademie-dagriculture-de-france-au-biopole-de-colmar\\\/\",\"name\":\"Visite de l'Acad\u00e9mie d'agriculture de France au Biop\u00f4le de Colmar - LVBE - Laboratoire Vigne, Biotechnologies, Environnement | Universit\u00e9 de Haute-Alsace\",\"isPartOf\":{\"@id\":\"https:\\\/\\\/www.lvbe.uha.fr\\\/#website\"},\"primaryImageOfPage\":{\"@id\":\"https:\\\/\\\/www.lvbe.uha.fr\\\/index.php\\\/visite-de-lacademie-dagriculture-de-france-au-biopole-de-colmar\\\/#primaryimage\"},\"image\":{\"@id\":\"https:\\\/\\\/www.lvbe.uha.fr\\\/index.php\\\/visite-de-lacademie-dagriculture-de-france-au-biopole-de-colmar\\\/#primaryimage\"},\"thumbnailUrl\":\"https:\\\/\\\/www.lvbe.uha.fr\\\/wp-content\\\/uploads\\\/2024\\\/06\\\/IMG_7784-scaled.jpg\",\"datePublished\":\"2024-06-06T12:13:26+00:00\",\"dateModified\":\"2024-06-06T12:14:15+00:00\",\"author\":{\"@id\":\"https:\\\/\\\/www.lvbe.uha.fr\\\/#\\\/schema\\\/person\\\/b7b7a9b8dec78d30e19c0ad6a930939e\"},\"breadcrumb\":{\"@id\":\"https:\\\/\\\/www.lvbe.uha.fr\\\/index.php\\\/visite-de-lacademie-dagriculture-de-france-au-biopole-de-colmar\\\/#breadcrumb\"},\"inLanguage\":\"fr-FR\",\"potentialAction\":[{\"@type\":\"ReadAction\",\"target\":[\"https:\\\/\\\/www.lvbe.uha.fr\\\/index.php\\\/visite-de-lacademie-dagriculture-de-france-au-biopole-de-colmar\\\/\"]}]},{\"@type\":\"ImageObject\",\"inLanguage\":\"fr-FR\",\"@id\":\"https:\\\/\\\/www.lvbe.uha.fr\\\/index.php\\\/visite-de-lacademie-dagriculture-de-france-au-biopole-de-colmar\\\/#primaryimage\",\"url\":\"https:\\\/\\\/www.lvbe.uha.fr\\\/wp-content\\\/uploads\\\/2024\\\/06\\\/IMG_7784-scaled.jpg\",\"contentUrl\":\"https:\\\/\\\/www.lvbe.uha.fr\\\/wp-content\\\/uploads\\\/2024\\\/06\\\/IMG_7784-scaled.jpg\",\"width\":2560,\"height\":1920,\"caption\":\"Visite de l'Acad\u00e9mie d'agriculture de France au biop\u00f4le de Colmar le 31 mai 2024\"},{\"@type\":\"BreadcrumbList\",\"@id\":\"https:\\\/\\\/www.lvbe.uha.fr\\\/index.php\\\/visite-de-lacademie-dagriculture-de-france-au-biopole-de-colmar\\\/#breadcrumb\",\"itemListElement\":[{\"@type\":\"ListItem\",\"position\":1,\"name\":\"Accueil\",\"item\":\"https:\\\/\\\/www.lvbe.uha.fr\\\/\"},{\"@type\":\"ListItem\",\"position\":2,\"name\":\"Visite de l&#8217;Acad\u00e9mie d&#8217;agriculture de France au Biop\u00f4le de Colmar\"}]},{\"@type\":\"WebSite\",\"@id\":\"https:\\\/\\\/www.lvbe.uha.fr\\\/#website\",\"url\":\"https:\\\/\\\/www.lvbe.uha.fr\\\/\",\"name\":\"LVBE - Laboratoire Vigne, Biotechnologies, Environnement | Universit\u00e9 de Haute-Alsace\",\"description\":\"Campus Biop\u00f4le | Universit\u00e9 de Haute-Alsace\",\"potentialAction\":[{\"@type\":\"SearchAction\",\"target\":{\"@type\":\"EntryPoint\",\"urlTemplate\":\"https:\\\/\\\/www.lvbe.uha.fr\\\/?s={search_term_string}\"},\"query-input\":{\"@type\":\"PropertyValueSpecification\",\"valueRequired\":true,\"valueName\":\"search_term_string\"}}],\"inLanguage\":\"fr-FR\"},{\"@type\":\"Person\",\"@id\":\"https:\\\/\\\/www.lvbe.uha.fr\\\/#\\\/schema\\\/person\\\/b7b7a9b8dec78d30e19c0ad6a930939e\",\"name\":\"H\u00e9l\u00e8ne Laloue\",\"image\":{\"@type\":\"ImageObject\",\"inLanguage\":\"fr-FR\",\"@id\":\"https:\\\/\\\/secure.gravatar.com\\\/avatar\\\/d933c01a652a9f44ca6e3fcf58cb3b252089eccb5e39de6bc9d72a0d4e012361?s=96&d=mm&r=g\",\"url\":\"https:\\\/\\\/secure.gravatar.com\\\/avatar\\\/d933c01a652a9f44ca6e3fcf58cb3b252089eccb5e39de6bc9d72a0d4e012361?s=96&d=mm&r=g\",\"contentUrl\":\"https:\\\/\\\/secure.gravatar.com\\\/avatar\\\/d933c01a652a9f44ca6e3fcf58cb3b252089eccb5e39de6bc9d72a0d4e012361?s=96&d=mm&r=g\",\"caption\":\"H\u00e9l\u00e8ne Laloue\"},\"url\":\"https:\\\/\\\/www.lvbe.uha.fr\\\/index.php\\\/author\\\/helene-laloueuha-fr\\\/\"}]}<\/script>\n<!-- \/ Yoast SEO plugin. -->","yoast_head_json":{"title":"Visite de l'Acad\u00e9mie d'agriculture de France au Biop\u00f4le de Colmar - LVBE - Laboratoire Vigne, Biotechnologies, Environnement | Universit\u00e9 de Haute-Alsace","robots":{"index":"index","follow":"follow","max-snippet":"max-snippet:-1","max-image-preview":"max-image-preview:large","max-video-preview":"max-video-preview:-1"},"canonical":"https:\/\/www.lvbe.uha.fr\/index.php\/visite-de-lacademie-dagriculture-de-france-au-biopole-de-colmar\/","og_locale":"fr_FR","og_type":"article","og_title":"Visite de l'Acad\u00e9mie d'agriculture de France au Biop\u00f4le de Colmar - LVBE - Laboratoire Vigne, Biotechnologies, Environnement | Universit\u00e9 de Haute-Alsace","og_description":"Le 31 mai 2024, a eu lieu une \u00ab\u00a0Visite de l&rsquo;Acad\u00e9mie d&rsquo;agriculture de France\u00a0\u00bb au Biop\u00f4le de Colmar \u00e0 l&rsquo;I.U.T. d\u00e9partement G\u00e9nie Biologique et au Centre INRAe,\u00a0 sur le th\u00e8me \u00ab\u00a0Vigne et vin demain\u00ab\u00a0. En pr\u00e9sence de : &#8211; membres de l\u2019Acad\u00e9mie d\u2019agriculture de France, &#8211; membre de l\u2019Acad\u00e9mie d\u2019Alsace, sciences, arts et lettres, &#8211; [&hellip;]","og_url":"https:\/\/www.lvbe.uha.fr\/index.php\/visite-de-lacademie-dagriculture-de-france-au-biopole-de-colmar\/","og_site_name":"LVBE - Laboratoire Vigne, Biotechnologies, Environnement | Universit\u00e9 de Haute-Alsace","article_published_time":"2024-06-06T12:13:26+00:00","article_modified_time":"2024-06-06T12:14:15+00:00","og_image":[{"width":2560,"height":1920,"url":"https:\/\/www.lvbe.uha.fr\/wp-content\/uploads\/2024\/06\/IMG_7784-scaled.jpg","type":"image\/jpeg"}],"author":"H\u00e9l\u00e8ne Laloue","twitter_card":"summary_large_image","twitter_misc":{"\u00c9crit par":"H\u00e9l\u00e8ne Laloue","Dur\u00e9e de lecture estim\u00e9e":"3 minutes"},"schema":{"@context":"https:\/\/schema.org","@graph":[{"@type":"Article","@id":"https:\/\/www.lvbe.uha.fr\/index.php\/visite-de-lacademie-dagriculture-de-france-au-biopole-de-colmar\/#article","isPartOf":{"@id":"https:\/\/www.lvbe.uha.fr\/index.php\/visite-de-lacademie-dagriculture-de-france-au-biopole-de-colmar\/"},"author":{"name":"H\u00e9l\u00e8ne Laloue","@id":"https:\/\/www.lvbe.uha.fr\/#\/schema\/person\/b7b7a9b8dec78d30e19c0ad6a930939e"},"headline":"Visite de l&rsquo;Acad\u00e9mie d&rsquo;agriculture de France au Biop\u00f4le de Colmar","datePublished":"2024-06-06T12:13:26+00:00","dateModified":"2024-06-06T12:14:15+00:00","mainEntityOfPage":{"@id":"https:\/\/www.lvbe.uha.fr\/index.php\/visite-de-lacademie-dagriculture-de-france-au-biopole-de-colmar\/"},"wordCount":335,"image":{"@id":"https:\/\/www.lvbe.uha.fr\/index.php\/visite-de-lacademie-dagriculture-de-france-au-biopole-de-colmar\/#primaryimage"},"thumbnailUrl":"https:\/\/www.lvbe.uha.fr\/wp-content\/uploads\/2024\/06\/IMG_7784-scaled.jpg","articleSection":["Actualit\u00e9s","Actualit\u00e9s &amp; conf\u00e9rences"],"inLanguage":"fr-FR"},{"@type":"WebPage","@id":"https:\/\/www.lvbe.uha.fr\/index.php\/visite-de-lacademie-dagriculture-de-france-au-biopole-de-colmar\/","url":"https:\/\/www.lvbe.uha.fr\/index.php\/visite-de-lacademie-dagriculture-de-france-au-biopole-de-colmar\/","name":"Visite de l'Acad\u00e9mie d'agriculture de France au Biop\u00f4le de Colmar - LVBE - Laboratoire Vigne, Biotechnologies, Environnement | Universit\u00e9 de Haute-Alsace","isPartOf":{"@id":"https:\/\/www.lvbe.uha.fr\/#website"},"primaryImageOfPage":{"@id":"https:\/\/www.lvbe.uha.fr\/index.php\/visite-de-lacademie-dagriculture-de-france-au-biopole-de-colmar\/#primaryimage"},"image":{"@id":"https:\/\/www.lvbe.uha.fr\/index.php\/visite-de-lacademie-dagriculture-de-france-au-biopole-de-colmar\/#primaryimage"},"thumbnailUrl":"https:\/\/www.lvbe.uha.fr\/wp-content\/uploads\/2024\/06\/IMG_7784-scaled.jpg","datePublished":"2024-06-06T12:13:26+00:00","dateModified":"2024-06-06T12:14:15+00:00","author":{"@id":"https:\/\/www.lvbe.uha.fr\/#\/schema\/person\/b7b7a9b8dec78d30e19c0ad6a930939e"},"breadcrumb":{"@id":"https:\/\/www.lvbe.uha.fr\/index.php\/visite-de-lacademie-dagriculture-de-france-au-biopole-de-colmar\/#breadcrumb"},"inLanguage":"fr-FR","potentialAction":[{"@type":"ReadAction","target":["https:\/\/www.lvbe.uha.fr\/index.php\/visite-de-lacademie-dagriculture-de-france-au-biopole-de-colmar\/"]}]},{"@type":"ImageObject","inLanguage":"fr-FR","@id":"https:\/\/www.lvbe.uha.fr\/index.php\/visite-de-lacademie-dagriculture-de-france-au-biopole-de-colmar\/#primaryimage","url":"https:\/\/www.lvbe.uha.fr\/wp-content\/uploads\/2024\/06\/IMG_7784-scaled.jpg","contentUrl":"https:\/\/www.lvbe.uha.fr\/wp-content\/uploads\/2024\/06\/IMG_7784-scaled.jpg","width":2560,"height":1920,"caption":"Visite de l'Acad\u00e9mie d'agriculture de France au biop\u00f4le de Colmar le 31 mai 2024"},{"@type":"BreadcrumbList","@id":"https:\/\/www.lvbe.uha.fr\/index.php\/visite-de-lacademie-dagriculture-de-france-au-biopole-de-colmar\/#breadcrumb","itemListElement":[{"@type":"ListItem","position":1,"name":"Accueil","item":"https:\/\/www.lvbe.uha.fr\/"},{"@type":"ListItem","position":2,"name":"Visite de l&#8217;Acad\u00e9mie d&#8217;agriculture de France au Biop\u00f4le de Colmar"}]},{"@type":"WebSite","@id":"https:\/\/www.lvbe.uha.fr\/#website","url":"https:\/\/www.lvbe.uha.fr\/","name":"LVBE - Laboratoire Vigne, Biotechnologies, Environnement | Universit\u00e9 de Haute-Alsace","description":"Campus Biop\u00f4le | Universit\u00e9 de Haute-Alsace","potentialAction":[{"@type":"SearchAction","target":{"@type":"EntryPoint","urlTemplate":"https:\/\/www.lvbe.uha.fr\/?s={search_term_string}"},"query-input":{"@type":"PropertyValueSpecification","valueRequired":true,"valueName":"search_term_string"}}],"inLanguage":"fr-FR"},{"@type":"Person","@id":"https:\/\/www.lvbe.uha.fr\/#\/schema\/person\/b7b7a9b8dec78d30e19c0ad6a930939e","name":"H\u00e9l\u00e8ne Laloue","image":{"@type":"ImageObject","inLanguage":"fr-FR","@id":"https:\/\/secure.gravatar.com\/avatar\/d933c01a652a9f44ca6e3fcf58cb3b252089eccb5e39de6bc9d72a0d4e012361?s=96&d=mm&r=g","url":"https:\/\/secure.gravatar.com\/avatar\/d933c01a652a9f44ca6e3fcf58cb3b252089eccb5e39de6bc9d72a0d4e012361?s=96&d=mm&r=g","contentUrl":"https:\/\/secure.gravatar.com\/avatar\/d933c01a652a9f44ca6e3fcf58cb3b252089eccb5e39de6bc9d72a0d4e012361?s=96&d=mm&r=g","caption":"H\u00e9l\u00e8ne Laloue"},"url":"https:\/\/www.lvbe.uha.fr\/index.php\/author\/helene-laloueuha-fr\/"}]}},"_links":{"self":[{"href":"https:\/\/www.lvbe.uha.fr\/index.php\/wp-json\/wp\/v2\/posts\/4369","targetHints":{"allow":["GET"]}}],"collection":[{"href":"https:\/\/www.lvbe.uha.fr\/index.php\/wp-json\/wp\/v2\/posts"}],"about":[{"href":"https:\/\/www.lvbe.uha.fr\/index.php\/wp-json\/wp\/v2\/types\/post"}],"author":[{"embeddable":true,"href":"https:\/\/www.lvbe.uha.fr\/index.php\/wp-json\/wp\/v2\/users\/2"}],"replies":[{"embeddable":true,"href":"https:\/\/www.lvbe.uha.fr\/index.php\/wp-json\/wp\/v2\/comments?post=4369"}],"version-history":[{"count":5,"href":"https:\/\/www.lvbe.uha.fr\/index.php\/wp-json\/wp\/v2\/posts\/4369\/revisions"}],"predecessor-version":[{"id":4379,"href":"https:\/\/www.lvbe.uha.fr\/index.php\/wp-json\/wp\/v2\/posts\/4369\/revisions\/4379"}],"wp:featuredmedia":[{"embeddable":true,"href":"https:\/\/www.lvbe.uha.fr\/index.php\/wp-json\/wp\/v2\/media\/4374"}],"wp:attachment":[{"href":"https:\/\/www.lvbe.uha.fr\/index.php\/wp-json\/wp\/v2\/media?parent=4369"}],"wp:term":[{"taxonomy":"category","embeddable":true,"href":"https:\/\/www.lvbe.uha.fr\/index.php\/wp-json\/wp\/v2\/categories?post=4369"},{"taxonomy":"post_tag","embeddable":true,"href":"https:\/\/www.lvbe.uha.fr\/index.php\/wp-json\/wp\/v2\/tags?post=4369"}],"curies":[{"name":"wp","href":"https:\/\/api.w.org\/{rel}","templated":true}]}}