{"id":3505,"date":"2021-11-18T07:14:01","date_gmt":"2021-11-18T06:14:01","guid":{"rendered":"https:\/\/www.lvbe.uha.fr\/?p=3505"},"modified":"2022-05-31T14:46:42","modified_gmt":"2022-05-31T12:46:42","slug":"reims-2021-journees-nationales-des-maladies-du-bois-de-la-vigne","status":"publish","type":"post","link":"https:\/\/www.lvbe.uha.fr\/index.php\/reims-2021-journees-nationales-des-maladies-du-bois-de-la-vigne\/","title":{"rendered":"Reims 2021 : Journ\u00e9es nationales des maladies du bois de la vigne"},"content":{"rendered":"<h4><img loading=\"lazy\" decoding=\"async\" class=\"alignleft wp-image-3506 size-medium\" src=\"https:\/\/www.lvbe.uha.fr\/wp-content\/uploads\/2021\/11\/3A768195-9951-47AD-B67C-E5010226172F-215x300.jpeg\" alt=\"\" width=\"215\" height=\"300\" srcset=\"https:\/\/www.lvbe.uha.fr\/wp-content\/uploads\/2021\/11\/3A768195-9951-47AD-B67C-E5010226172F-215x300.jpeg 215w, https:\/\/www.lvbe.uha.fr\/wp-content\/uploads\/2021\/11\/3A768195-9951-47AD-B67C-E5010226172F-734x1024.jpeg 734w, https:\/\/www.lvbe.uha.fr\/wp-content\/uploads\/2021\/11\/3A768195-9951-47AD-B67C-E5010226172F-768x1072.jpeg 768w, https:\/\/www.lvbe.uha.fr\/wp-content\/uploads\/2021\/11\/3A768195-9951-47AD-B67C-E5010226172F-1101x1536.jpeg 1101w, https:\/\/www.lvbe.uha.fr\/wp-content\/uploads\/2021\/11\/3A768195-9951-47AD-B67C-E5010226172F-1467x2048.jpeg 1467w, https:\/\/www.lvbe.uha.fr\/wp-content\/uploads\/2021\/11\/3A768195-9951-47AD-B67C-E5010226172F.jpeg 1572w\" sizes=\"auto, (max-width: 215px) 100vw, 215px\" \/> \u00c0 cette occasion, <b>une d\u00e9l\u00e9gation de 19 personnes<\/b> fait le d\u00e9placement et y participe avec pas moins de<strong>\u00a0neuf pr\u00e9sentations :<\/strong><\/h4>\n<ul>\n<li>Implications des stilb\u00e8nes dans l&rsquo;interaction<em> sylvestris \/ vinifera<\/em> &#8211; <em>Botryosphaeriaceae<\/em>. <strong>Mary-Lor\u00e8ne GODARD<\/strong> &#8211; Universit\u00e9 de Haute-Alsace, LVBE.<\/li>\n<li><em>Fomitiporia mediterranea<\/em> : un champignon d\u00e9gradeur de bois adapt\u00e9 au bois de vigne ? <b>Marion SCHILLING<\/b> &#8211; Universit\u00e9 de Lorraine, Universit\u00e9 de Haute-Alsace LVBE.<\/li>\n<li>Exploration de la voie de d\u00e9gradation non-enzymatique du bois par <em>Fomitiporia mediterranea<\/em>. <b>Samuele MORETTI <\/b>&#8211; Universit\u00e9 de Haute-Alsace, LVBE.<\/li>\n<li>L&rsquo;\u00e9volution des communaut\u00e9s microbiennes du bois de vigne influe sur l&rsquo;apparition de l&rsquo;esca. <b>Nicolas VALETTE <\/b>&#8211; Universit\u00e9 de Lorraine, Universit\u00e9 de Haute-Alsace-LVBE.<\/li>\n<li>Le Subsalicylate de Bismuth, un compos\u00e9 fongistatique et stimulateur des d\u00e9fenses des plantes : un candidat potentiel dans la lutte contre les maladies du bois de la vigne ?<b> Loriane MERLEN<\/b> &#8211; Universit\u00e9 de Haute-Alsace, LVBE.<\/li>\n<li>Bactisap : Les bact\u00e9ries contre-attaquent. <b>Elo\u00efse METEIER<\/b> &#8211; Universit\u00e9 Haute-Alsace, LVBE.<\/li>\n<li>Antagonismes <em>Fomitiporia mediterranea \/ Trichoderma<\/em> : effet du pH. <b>C\u00e9lia PERRIN <\/b>&#8211; Universit\u00e9 de Haute-Alsace, LVBE.<img loading=\"lazy\" decoding=\"async\" class=\"alignright size-medium wp-image-3507\" src=\"https:\/\/www.lvbe.uha.fr\/wp-content\/uploads\/2021\/11\/06E6216F-B85F-4519-841A-BA5C7328F165-300x225.jpeg\" alt=\"\" width=\"300\" height=\"225\" srcset=\"https:\/\/www.lvbe.uha.fr\/wp-content\/uploads\/2021\/11\/06E6216F-B85F-4519-841A-BA5C7328F165-300x225.jpeg 300w, https:\/\/www.lvbe.uha.fr\/wp-content\/uploads\/2021\/11\/06E6216F-B85F-4519-841A-BA5C7328F165-135x100.jpeg 135w, https:\/\/www.lvbe.uha.fr\/wp-content\/uploads\/2021\/11\/06E6216F-B85F-4519-841A-BA5C7328F165.jpeg 640w\" sizes=\"auto, (max-width: 300px) 100vw, 300px\" \/><\/li>\n<li>Evaluation de la tol\u00e9rance g\u00e9n\u00e9tique aux Maladies Du Bois dans une population de Riesling crois\u00e9e avec du Gewurtztraminer. <b>Isabelle MARTIN<\/b> &amp; Olivier FERNANDEZ &#8211; Universit\u00e9 de Haute-Alsace-LVBE, URCA.<\/li>\n<li>Le r\u00f4le de l\u2019amadou dans l\u2019expression des sympt\u00f4mes foliaires de l\u2019ESCA : focus sur les processus enzymatiques impliqu\u00e9s dans sa formation. <b>Andrea PACETTI<\/b> &#8211; Universit\u00e9 de Haute-Alsace, LVBE.<\/li>\n<\/ul>\n","protected":false},"excerpt":{"rendered":"<p>\u00c0 cette occasion, une d\u00e9l\u00e9gation de 19 personnes fait le d\u00e9placement et y participe avec pas moins de\u00a0neuf pr\u00e9sentations : Implications des stilb\u00e8nes dans l&rsquo;interaction sylvestris \/ vinifera &#8211; Botryosphaeriaceae. Mary-Lor\u00e8ne GODARD &#8211; Universit\u00e9 de Haute-Alsace, LVBE. Fomitiporia mediterranea : un champignon d\u00e9gradeur de bois adapt\u00e9 au bois de vigne ? Marion SCHILLING &#8211; Universit\u00e9 [&hellip;]<\/p>\n","protected":false},"author":2,"featured_media":3506,"comment_status":"closed","ping_status":"closed","sticky":false,"template":"","format":"standard","meta":{"footnotes":""},"categories":[4,7],"tags":[],"class_list":["post-3505","post","type-post","status-publish","format-standard","has-post-thumbnail","hentry","category-actualites","category-actualites-conferences"],"yoast_head":"<!-- This site is optimized with the Yoast SEO plugin v27.4 - https:\/\/yoast.com\/product\/yoast-seo-wordpress\/ -->\n<title>Reims 2021 : Journ\u00e9es nationales des maladies du bois de la vigne - LVBE - Laboratoire Vigne, Biotechnologies, Environnement | Universit\u00e9 de Haute-Alsace<\/title>\n<meta name=\"robots\" content=\"index, follow, max-snippet:-1, max-image-preview:large, max-video-preview:-1\" \/>\n<link rel=\"canonical\" href=\"https:\/\/www.lvbe.uha.fr\/index.php\/reims-2021-journees-nationales-des-maladies-du-bois-de-la-vigne\/\" \/>\n<meta property=\"og:locale\" content=\"fr_FR\" \/>\n<meta property=\"og:type\" content=\"article\" \/>\n<meta property=\"og:title\" content=\"Reims 2021 : Journ\u00e9es nationales des maladies du bois de la vigne - LVBE - Laboratoire Vigne, Biotechnologies, Environnement | Universit\u00e9 de Haute-Alsace\" \/>\n<meta property=\"og:description\" content=\"\u00c0 cette occasion, une d\u00e9l\u00e9gation de 19 personnes fait le d\u00e9placement et y participe avec pas moins de\u00a0neuf pr\u00e9sentations : Implications des stilb\u00e8nes dans l&rsquo;interaction sylvestris \/ vinifera &#8211; Botryosphaeriaceae. Mary-Lor\u00e8ne GODARD &#8211; Universit\u00e9 de Haute-Alsace, LVBE. Fomitiporia mediterranea : un champignon d\u00e9gradeur de bois adapt\u00e9 au bois de vigne ? Marion SCHILLING &#8211; Universit\u00e9 [&hellip;]\" \/>\n<meta property=\"og:url\" content=\"https:\/\/www.lvbe.uha.fr\/index.php\/reims-2021-journees-nationales-des-maladies-du-bois-de-la-vigne\/\" \/>\n<meta property=\"og:site_name\" content=\"LVBE - Laboratoire Vigne, Biotechnologies, Environnement | Universit\u00e9 de Haute-Alsace\" \/>\n<meta property=\"article:published_time\" content=\"2021-11-18T06:14:01+00:00\" \/>\n<meta property=\"article:modified_time\" content=\"2022-05-31T12:46:42+00:00\" \/>\n<meta property=\"og:image\" content=\"https:\/\/www.lvbe.uha.fr\/wp-content\/uploads\/2021\/11\/3A768195-9951-47AD-B67C-E5010226172F-734x1024.jpeg\" \/>\n\t<meta property=\"og:image:width\" content=\"734\" \/>\n\t<meta property=\"og:image:height\" content=\"1024\" \/>\n\t<meta property=\"og:image:type\" content=\"image\/jpeg\" \/>\n<meta name=\"author\" content=\"H\u00e9l\u00e8ne Laloue\" \/>\n<meta name=\"twitter:card\" content=\"summary_large_image\" \/>\n<meta name=\"twitter:label1\" content=\"\u00c9crit par\" \/>\n\t<meta name=\"twitter:data1\" content=\"H\u00e9l\u00e8ne Laloue\" \/>\n\t<meta name=\"twitter:label2\" content=\"Dur\u00e9e de lecture estim\u00e9e\" \/>\n\t<meta name=\"twitter:data2\" content=\"1 minute\" \/>\n<script type=\"application\/ld+json\" class=\"yoast-schema-graph\">{\"@context\":\"https:\\\/\\\/schema.org\",\"@graph\":[{\"@type\":\"Article\",\"@id\":\"https:\\\/\\\/www.lvbe.uha.fr\\\/index.php\\\/reims-2021-journees-nationales-des-maladies-du-bois-de-la-vigne\\\/#article\",\"isPartOf\":{\"@id\":\"https:\\\/\\\/www.lvbe.uha.fr\\\/index.php\\\/reims-2021-journees-nationales-des-maladies-du-bois-de-la-vigne\\\/\"},\"author\":{\"name\":\"H\u00e9l\u00e8ne Laloue\",\"@id\":\"https:\\\/\\\/www.lvbe.uha.fr\\\/#\\\/schema\\\/person\\\/b7b7a9b8dec78d30e19c0ad6a930939e\"},\"headline\":\"Reims 2021 : Journ\u00e9es nationales des maladies du bois de la vigne\",\"datePublished\":\"2021-11-18T06:14:01+00:00\",\"dateModified\":\"2022-05-31T12:46:42+00:00\",\"mainEntityOfPage\":{\"@id\":\"https:\\\/\\\/www.lvbe.uha.fr\\\/index.php\\\/reims-2021-journees-nationales-des-maladies-du-bois-de-la-vigne\\\/\"},\"wordCount\":245,\"image\":{\"@id\":\"https:\\\/\\\/www.lvbe.uha.fr\\\/index.php\\\/reims-2021-journees-nationales-des-maladies-du-bois-de-la-vigne\\\/#primaryimage\"},\"thumbnailUrl\":\"https:\\\/\\\/www.lvbe.uha.fr\\\/wp-content\\\/uploads\\\/2021\\\/11\\\/3A768195-9951-47AD-B67C-E5010226172F.jpeg\",\"articleSection\":[\"Actualit\u00e9s\",\"Actualit\u00e9s &amp; conf\u00e9rences\"],\"inLanguage\":\"fr-FR\"},{\"@type\":\"WebPage\",\"@id\":\"https:\\\/\\\/www.lvbe.uha.fr\\\/index.php\\\/reims-2021-journees-nationales-des-maladies-du-bois-de-la-vigne\\\/\",\"url\":\"https:\\\/\\\/www.lvbe.uha.fr\\\/index.php\\\/reims-2021-journees-nationales-des-maladies-du-bois-de-la-vigne\\\/\",\"name\":\"Reims 2021 : Journ\u00e9es nationales des maladies du bois de la vigne - LVBE - Laboratoire Vigne, Biotechnologies, Environnement | Universit\u00e9 de Haute-Alsace\",\"isPartOf\":{\"@id\":\"https:\\\/\\\/www.lvbe.uha.fr\\\/#website\"},\"primaryImageOfPage\":{\"@id\":\"https:\\\/\\\/www.lvbe.uha.fr\\\/index.php\\\/reims-2021-journees-nationales-des-maladies-du-bois-de-la-vigne\\\/#primaryimage\"},\"image\":{\"@id\":\"https:\\\/\\\/www.lvbe.uha.fr\\\/index.php\\\/reims-2021-journees-nationales-des-maladies-du-bois-de-la-vigne\\\/#primaryimage\"},\"thumbnailUrl\":\"https:\\\/\\\/www.lvbe.uha.fr\\\/wp-content\\\/uploads\\\/2021\\\/11\\\/3A768195-9951-47AD-B67C-E5010226172F.jpeg\",\"datePublished\":\"2021-11-18T06:14:01+00:00\",\"dateModified\":\"2022-05-31T12:46:42+00:00\",\"author\":{\"@id\":\"https:\\\/\\\/www.lvbe.uha.fr\\\/#\\\/schema\\\/person\\\/b7b7a9b8dec78d30e19c0ad6a930939e\"},\"breadcrumb\":{\"@id\":\"https:\\\/\\\/www.lvbe.uha.fr\\\/index.php\\\/reims-2021-journees-nationales-des-maladies-du-bois-de-la-vigne\\\/#breadcrumb\"},\"inLanguage\":\"fr-FR\",\"potentialAction\":[{\"@type\":\"ReadAction\",\"target\":[\"https:\\\/\\\/www.lvbe.uha.fr\\\/index.php\\\/reims-2021-journees-nationales-des-maladies-du-bois-de-la-vigne\\\/\"]}]},{\"@type\":\"ImageObject\",\"inLanguage\":\"fr-FR\",\"@id\":\"https:\\\/\\\/www.lvbe.uha.fr\\\/index.php\\\/reims-2021-journees-nationales-des-maladies-du-bois-de-la-vigne\\\/#primaryimage\",\"url\":\"https:\\\/\\\/www.lvbe.uha.fr\\\/wp-content\\\/uploads\\\/2021\\\/11\\\/3A768195-9951-47AD-B67C-E5010226172F.jpeg\",\"contentUrl\":\"https:\\\/\\\/www.lvbe.uha.fr\\\/wp-content\\\/uploads\\\/2021\\\/11\\\/3A768195-9951-47AD-B67C-E5010226172F.jpeg\",\"width\":1572,\"height\":2194},{\"@type\":\"BreadcrumbList\",\"@id\":\"https:\\\/\\\/www.lvbe.uha.fr\\\/index.php\\\/reims-2021-journees-nationales-des-maladies-du-bois-de-la-vigne\\\/#breadcrumb\",\"itemListElement\":[{\"@type\":\"ListItem\",\"position\":1,\"name\":\"Accueil\",\"item\":\"https:\\\/\\\/www.lvbe.uha.fr\\\/\"},{\"@type\":\"ListItem\",\"position\":2,\"name\":\"Reims 2021 : Journ\u00e9es nationales des maladies du bois de la vigne\"}]},{\"@type\":\"WebSite\",\"@id\":\"https:\\\/\\\/www.lvbe.uha.fr\\\/#website\",\"url\":\"https:\\\/\\\/www.lvbe.uha.fr\\\/\",\"name\":\"LVBE - Laboratoire Vigne, Biotechnologies, Environnement | Universit\u00e9 de Haute-Alsace\",\"description\":\"Campus Biop\u00f4le | Universit\u00e9 de Haute-Alsace\",\"potentialAction\":[{\"@type\":\"SearchAction\",\"target\":{\"@type\":\"EntryPoint\",\"urlTemplate\":\"https:\\\/\\\/www.lvbe.uha.fr\\\/?s={search_term_string}\"},\"query-input\":{\"@type\":\"PropertyValueSpecification\",\"valueRequired\":true,\"valueName\":\"search_term_string\"}}],\"inLanguage\":\"fr-FR\"},{\"@type\":\"Person\",\"@id\":\"https:\\\/\\\/www.lvbe.uha.fr\\\/#\\\/schema\\\/person\\\/b7b7a9b8dec78d30e19c0ad6a930939e\",\"name\":\"H\u00e9l\u00e8ne Laloue\",\"image\":{\"@type\":\"ImageObject\",\"inLanguage\":\"fr-FR\",\"@id\":\"https:\\\/\\\/secure.gravatar.com\\\/avatar\\\/d933c01a652a9f44ca6e3fcf58cb3b252089eccb5e39de6bc9d72a0d4e012361?s=96&d=mm&r=g\",\"url\":\"https:\\\/\\\/secure.gravatar.com\\\/avatar\\\/d933c01a652a9f44ca6e3fcf58cb3b252089eccb5e39de6bc9d72a0d4e012361?s=96&d=mm&r=g\",\"contentUrl\":\"https:\\\/\\\/secure.gravatar.com\\\/avatar\\\/d933c01a652a9f44ca6e3fcf58cb3b252089eccb5e39de6bc9d72a0d4e012361?s=96&d=mm&r=g\",\"caption\":\"H\u00e9l\u00e8ne Laloue\"},\"url\":\"https:\\\/\\\/www.lvbe.uha.fr\\\/index.php\\\/author\\\/helene-laloueuha-fr\\\/\"}]}<\/script>\n<!-- \/ Yoast SEO plugin. -->","yoast_head_json":{"title":"Reims 2021 : Journ\u00e9es nationales des maladies du bois de la vigne - LVBE - Laboratoire Vigne, Biotechnologies, Environnement | Universit\u00e9 de Haute-Alsace","robots":{"index":"index","follow":"follow","max-snippet":"max-snippet:-1","max-image-preview":"max-image-preview:large","max-video-preview":"max-video-preview:-1"},"canonical":"https:\/\/www.lvbe.uha.fr\/index.php\/reims-2021-journees-nationales-des-maladies-du-bois-de-la-vigne\/","og_locale":"fr_FR","og_type":"article","og_title":"Reims 2021 : Journ\u00e9es nationales des maladies du bois de la vigne - LVBE - Laboratoire Vigne, Biotechnologies, Environnement | Universit\u00e9 de Haute-Alsace","og_description":"\u00c0 cette occasion, une d\u00e9l\u00e9gation de 19 personnes fait le d\u00e9placement et y participe avec pas moins de\u00a0neuf pr\u00e9sentations : Implications des stilb\u00e8nes dans l&rsquo;interaction sylvestris \/ vinifera &#8211; Botryosphaeriaceae. Mary-Lor\u00e8ne GODARD &#8211; Universit\u00e9 de Haute-Alsace, LVBE. Fomitiporia mediterranea : un champignon d\u00e9gradeur de bois adapt\u00e9 au bois de vigne ? Marion SCHILLING &#8211; Universit\u00e9 [&hellip;]","og_url":"https:\/\/www.lvbe.uha.fr\/index.php\/reims-2021-journees-nationales-des-maladies-du-bois-de-la-vigne\/","og_site_name":"LVBE - Laboratoire Vigne, Biotechnologies, Environnement | Universit\u00e9 de Haute-Alsace","article_published_time":"2021-11-18T06:14:01+00:00","article_modified_time":"2022-05-31T12:46:42+00:00","og_image":[{"width":734,"height":1024,"url":"https:\/\/www.lvbe.uha.fr\/wp-content\/uploads\/2021\/11\/3A768195-9951-47AD-B67C-E5010226172F-734x1024.jpeg","type":"image\/jpeg"}],"author":"H\u00e9l\u00e8ne Laloue","twitter_card":"summary_large_image","twitter_misc":{"\u00c9crit par":"H\u00e9l\u00e8ne Laloue","Dur\u00e9e de lecture estim\u00e9e":"1 minute"},"schema":{"@context":"https:\/\/schema.org","@graph":[{"@type":"Article","@id":"https:\/\/www.lvbe.uha.fr\/index.php\/reims-2021-journees-nationales-des-maladies-du-bois-de-la-vigne\/#article","isPartOf":{"@id":"https:\/\/www.lvbe.uha.fr\/index.php\/reims-2021-journees-nationales-des-maladies-du-bois-de-la-vigne\/"},"author":{"name":"H\u00e9l\u00e8ne Laloue","@id":"https:\/\/www.lvbe.uha.fr\/#\/schema\/person\/b7b7a9b8dec78d30e19c0ad6a930939e"},"headline":"Reims 2021 : Journ\u00e9es nationales des maladies du bois de la vigne","datePublished":"2021-11-18T06:14:01+00:00","dateModified":"2022-05-31T12:46:42+00:00","mainEntityOfPage":{"@id":"https:\/\/www.lvbe.uha.fr\/index.php\/reims-2021-journees-nationales-des-maladies-du-bois-de-la-vigne\/"},"wordCount":245,"image":{"@id":"https:\/\/www.lvbe.uha.fr\/index.php\/reims-2021-journees-nationales-des-maladies-du-bois-de-la-vigne\/#primaryimage"},"thumbnailUrl":"https:\/\/www.lvbe.uha.fr\/wp-content\/uploads\/2021\/11\/3A768195-9951-47AD-B67C-E5010226172F.jpeg","articleSection":["Actualit\u00e9s","Actualit\u00e9s &amp; conf\u00e9rences"],"inLanguage":"fr-FR"},{"@type":"WebPage","@id":"https:\/\/www.lvbe.uha.fr\/index.php\/reims-2021-journees-nationales-des-maladies-du-bois-de-la-vigne\/","url":"https:\/\/www.lvbe.uha.fr\/index.php\/reims-2021-journees-nationales-des-maladies-du-bois-de-la-vigne\/","name":"Reims 2021 : Journ\u00e9es nationales des maladies du bois de la vigne - LVBE - Laboratoire Vigne, Biotechnologies, Environnement | Universit\u00e9 de Haute-Alsace","isPartOf":{"@id":"https:\/\/www.lvbe.uha.fr\/#website"},"primaryImageOfPage":{"@id":"https:\/\/www.lvbe.uha.fr\/index.php\/reims-2021-journees-nationales-des-maladies-du-bois-de-la-vigne\/#primaryimage"},"image":{"@id":"https:\/\/www.lvbe.uha.fr\/index.php\/reims-2021-journees-nationales-des-maladies-du-bois-de-la-vigne\/#primaryimage"},"thumbnailUrl":"https:\/\/www.lvbe.uha.fr\/wp-content\/uploads\/2021\/11\/3A768195-9951-47AD-B67C-E5010226172F.jpeg","datePublished":"2021-11-18T06:14:01+00:00","dateModified":"2022-05-31T12:46:42+00:00","author":{"@id":"https:\/\/www.lvbe.uha.fr\/#\/schema\/person\/b7b7a9b8dec78d30e19c0ad6a930939e"},"breadcrumb":{"@id":"https:\/\/www.lvbe.uha.fr\/index.php\/reims-2021-journees-nationales-des-maladies-du-bois-de-la-vigne\/#breadcrumb"},"inLanguage":"fr-FR","potentialAction":[{"@type":"ReadAction","target":["https:\/\/www.lvbe.uha.fr\/index.php\/reims-2021-journees-nationales-des-maladies-du-bois-de-la-vigne\/"]}]},{"@type":"ImageObject","inLanguage":"fr-FR","@id":"https:\/\/www.lvbe.uha.fr\/index.php\/reims-2021-journees-nationales-des-maladies-du-bois-de-la-vigne\/#primaryimage","url":"https:\/\/www.lvbe.uha.fr\/wp-content\/uploads\/2021\/11\/3A768195-9951-47AD-B67C-E5010226172F.jpeg","contentUrl":"https:\/\/www.lvbe.uha.fr\/wp-content\/uploads\/2021\/11\/3A768195-9951-47AD-B67C-E5010226172F.jpeg","width":1572,"height":2194},{"@type":"BreadcrumbList","@id":"https:\/\/www.lvbe.uha.fr\/index.php\/reims-2021-journees-nationales-des-maladies-du-bois-de-la-vigne\/#breadcrumb","itemListElement":[{"@type":"ListItem","position":1,"name":"Accueil","item":"https:\/\/www.lvbe.uha.fr\/"},{"@type":"ListItem","position":2,"name":"Reims 2021 : Journ\u00e9es nationales des maladies du bois de la vigne"}]},{"@type":"WebSite","@id":"https:\/\/www.lvbe.uha.fr\/#website","url":"https:\/\/www.lvbe.uha.fr\/","name":"LVBE - Laboratoire Vigne, Biotechnologies, Environnement | Universit\u00e9 de Haute-Alsace","description":"Campus Biop\u00f4le | Universit\u00e9 de Haute-Alsace","potentialAction":[{"@type":"SearchAction","target":{"@type":"EntryPoint","urlTemplate":"https:\/\/www.lvbe.uha.fr\/?s={search_term_string}"},"query-input":{"@type":"PropertyValueSpecification","valueRequired":true,"valueName":"search_term_string"}}],"inLanguage":"fr-FR"},{"@type":"Person","@id":"https:\/\/www.lvbe.uha.fr\/#\/schema\/person\/b7b7a9b8dec78d30e19c0ad6a930939e","name":"H\u00e9l\u00e8ne Laloue","image":{"@type":"ImageObject","inLanguage":"fr-FR","@id":"https:\/\/secure.gravatar.com\/avatar\/d933c01a652a9f44ca6e3fcf58cb3b252089eccb5e39de6bc9d72a0d4e012361?s=96&d=mm&r=g","url":"https:\/\/secure.gravatar.com\/avatar\/d933c01a652a9f44ca6e3fcf58cb3b252089eccb5e39de6bc9d72a0d4e012361?s=96&d=mm&r=g","contentUrl":"https:\/\/secure.gravatar.com\/avatar\/d933c01a652a9f44ca6e3fcf58cb3b252089eccb5e39de6bc9d72a0d4e012361?s=96&d=mm&r=g","caption":"H\u00e9l\u00e8ne Laloue"},"url":"https:\/\/www.lvbe.uha.fr\/index.php\/author\/helene-laloueuha-fr\/"}]}},"_links":{"self":[{"href":"https:\/\/www.lvbe.uha.fr\/index.php\/wp-json\/wp\/v2\/posts\/3505","targetHints":{"allow":["GET"]}}],"collection":[{"href":"https:\/\/www.lvbe.uha.fr\/index.php\/wp-json\/wp\/v2\/posts"}],"about":[{"href":"https:\/\/www.lvbe.uha.fr\/index.php\/wp-json\/wp\/v2\/types\/post"}],"author":[{"embeddable":true,"href":"https:\/\/www.lvbe.uha.fr\/index.php\/wp-json\/wp\/v2\/users\/2"}],"replies":[{"embeddable":true,"href":"https:\/\/www.lvbe.uha.fr\/index.php\/wp-json\/wp\/v2\/comments?post=3505"}],"version-history":[{"count":14,"href":"https:\/\/www.lvbe.uha.fr\/index.php\/wp-json\/wp\/v2\/posts\/3505\/revisions"}],"predecessor-version":[{"id":3515,"href":"https:\/\/www.lvbe.uha.fr\/index.php\/wp-json\/wp\/v2\/posts\/3505\/revisions\/3515"}],"wp:featuredmedia":[{"embeddable":true,"href":"https:\/\/www.lvbe.uha.fr\/index.php\/wp-json\/wp\/v2\/media\/3506"}],"wp:attachment":[{"href":"https:\/\/www.lvbe.uha.fr\/index.php\/wp-json\/wp\/v2\/media?parent=3505"}],"wp:term":[{"taxonomy":"category","embeddable":true,"href":"https:\/\/www.lvbe.uha.fr\/index.php\/wp-json\/wp\/v2\/categories?post=3505"},{"taxonomy":"post_tag","embeddable":true,"href":"https:\/\/www.lvbe.uha.fr\/index.php\/wp-json\/wp\/v2\/tags?post=3505"}],"curies":[{"name":"wp","href":"https:\/\/api.w.org\/{rel}","templated":true}]}}