{"id":2754,"date":"2019-11-12T15:45:35","date_gmt":"2019-11-12T14:45:35","guid":{"rendered":"https:\/\/www.lvbe.uha.fr\/?p=2754"},"modified":"2022-05-24T14:54:41","modified_gmt":"2022-05-24T12:54:41","slug":"signature-le-23-septembre-2019-de-la-convention-cadre-entre-lurca-et-luha","status":"publish","type":"post","link":"https:\/\/www.lvbe.uha.fr\/index.php\/signature-le-23-septembre-2019-de-la-convention-cadre-entre-lurca-et-luha\/","title":{"rendered":"Signature le 23 septembre 2019 de la convention cadre entre l&rsquo;URCA et l&rsquo;UHA"},"content":{"rendered":"<h2><strong>\u00a0Le 23 septembre 2019, la Convention-cadre a \u00e9t\u00e9 sign\u00e9e <\/strong><strong>entre Guillaume GELL\u00c9, pr\u00e9sident de l\u2019Universit\u00e9 Reims Champagne-Ardenne (URCA)<\/strong><strong>\u00a0et\u00a0Christine GANGLOFF-ZIEGLER, pr\u00e9sidente de l\u2019Universit\u00e9 de Haute-Alsace\u00a0<\/strong><\/h2>\n<h2><strong>r\u00e9gissant la mise en place <\/strong><\/h2>\n<h2><strong>d\u2019une antenne du LVBE EA-3991 de l\u2019Universit\u00e9 de Haute-Alsace au sein de l\u2019Universit\u00e9 Reims Champagne-Ardenne.<\/strong><\/h2>\n<p><img loading=\"lazy\" decoding=\"async\" class=\"alignleft size-medium wp-image-2471\" src=\"https:\/\/www.lvbe.uha.fr\/wp-content\/uploads\/2019\/09\/4895806C-A9F1-4A5C-997F-1055B9BD102B-300x197.jpeg\" alt=\"\" width=\"300\" height=\"197\" srcset=\"https:\/\/www.lvbe.uha.fr\/wp-content\/uploads\/2019\/09\/4895806C-A9F1-4A5C-997F-1055B9BD102B-300x197.jpeg 300w, https:\/\/www.lvbe.uha.fr\/wp-content\/uploads\/2019\/09\/4895806C-A9F1-4A5C-997F-1055B9BD102B-768x503.jpeg 768w, https:\/\/www.lvbe.uha.fr\/wp-content\/uploads\/2019\/09\/4895806C-A9F1-4A5C-997F-1055B9BD102B-1024x671.jpeg 1024w, https:\/\/www.lvbe.uha.fr\/wp-content\/uploads\/2019\/09\/4895806C-A9F1-4A5C-997F-1055B9BD102B.jpeg 1890w\" sizes=\"auto, (max-width: 300px) 100vw, 300px\" \/><\/p>\n<p>L\u2019antenne du LVBE au sein de l\u2019URCA permet de donner une lisibilit\u00e9 aux formations et \u00e0 la recherche dans le domaine \u00ab\u00a0Vigne et Vins\u00a0\u00bb entre les deux PARTIES.<\/p>\n<p><img loading=\"lazy\" decoding=\"async\" class=\"alignleft size-medium wp-image-2472\" src=\"https:\/\/www.lvbe.uha.fr\/wp-content\/uploads\/2019\/09\/4BFF61D7-5B29-46C5-97FC-73CB06504092-300x177.jpeg\" alt=\"\" width=\"300\" height=\"177\" srcset=\"https:\/\/www.lvbe.uha.fr\/wp-content\/uploads\/2019\/09\/4BFF61D7-5B29-46C5-97FC-73CB06504092-300x177.jpeg 300w, https:\/\/www.lvbe.uha.fr\/wp-content\/uploads\/2019\/09\/4BFF61D7-5B29-46C5-97FC-73CB06504092-768x453.jpeg 768w, https:\/\/www.lvbe.uha.fr\/wp-content\/uploads\/2019\/09\/4BFF61D7-5B29-46C5-97FC-73CB06504092-1024x605.jpeg 1024w\" sizes=\"auto, (max-width: 300px) 100vw, 300px\" \/>La signature s&rsquo;est d\u00e9roul\u00e9e au sein des Caves KUEHN. Un accueil chaleureux nous a \u00e9t\u00e9 r\u00e9serv\u00e9 par la Confr\u00e9rie des Amis d&rsquo;Ammerschwihr et du Kaefferkopf<img loading=\"lazy\" decoding=\"async\" class=\"alignleft size-medium wp-image-2470\" src=\"https:\/\/www.lvbe.uha.fr\/wp-content\/uploads\/2019\/09\/45014D68-1007-40EA-BDBF-583B22D6640C-300x183.jpeg\" alt=\"\" width=\"300\" height=\"183\" srcset=\"https:\/\/www.lvbe.uha.fr\/wp-content\/uploads\/2019\/09\/45014D68-1007-40EA-BDBF-583B22D6640C-300x183.jpeg 300w, https:\/\/www.lvbe.uha.fr\/wp-content\/uploads\/2019\/09\/45014D68-1007-40EA-BDBF-583B22D6640C-768x468.jpeg 768w, https:\/\/www.lvbe.uha.fr\/wp-content\/uploads\/2019\/09\/45014D68-1007-40EA-BDBF-583B22D6640C-1024x625.jpeg 1024w, https:\/\/www.lvbe.uha.fr\/wp-content\/uploads\/2019\/09\/45014D68-1007-40EA-BDBF-583B22D6640C.jpeg 2033w\" sizes=\"auto, (max-width: 300px) 100vw, 300px\" \/><\/p>\n","protected":false},"excerpt":{"rendered":"<p>\u00a0Le 23 septembre 2019, la Convention-cadre a \u00e9t\u00e9 sign\u00e9e entre Guillaume GELL\u00c9, pr\u00e9sident de l\u2019Universit\u00e9 Reims Champagne-Ardenne (URCA)\u00a0et\u00a0Christine GANGLOFF-ZIEGLER, pr\u00e9sidente de l\u2019Universit\u00e9 de Haute-Alsace\u00a0 r\u00e9gissant la mise en place d\u2019une antenne du LVBE EA-3991 de l\u2019Universit\u00e9 de Haute-Alsace au sein de l\u2019Universit\u00e9 Reims Champagne-Ardenne. L\u2019antenne du LVBE au sein de l\u2019URCA permet de donner une [&hellip;]<\/p>\n","protected":false},"author":2,"featured_media":2471,"comment_status":"closed","ping_status":"closed","sticky":false,"template":"","format":"standard","meta":{"footnotes":""},"categories":[4],"tags":[],"class_list":["post-2754","post","type-post","status-publish","format-standard","has-post-thumbnail","hentry","category-actualites"],"yoast_head":"<!-- This site is optimized with the Yoast SEO plugin v27.4 - https:\/\/yoast.com\/product\/yoast-seo-wordpress\/ -->\n<title>Signature le 23 septembre 2019 de la convention cadre entre l&#039;URCA et l&#039;UHA - LVBE - Laboratoire Vigne, Biotechnologies, Environnement | Universit\u00e9 de Haute-Alsace<\/title>\n<meta name=\"robots\" content=\"index, follow, max-snippet:-1, max-image-preview:large, max-video-preview:-1\" \/>\n<link rel=\"canonical\" href=\"https:\/\/www.lvbe.uha.fr\/index.php\/signature-le-23-septembre-2019-de-la-convention-cadre-entre-lurca-et-luha\/\" \/>\n<meta property=\"og:locale\" content=\"fr_FR\" \/>\n<meta property=\"og:type\" content=\"article\" \/>\n<meta property=\"og:title\" content=\"Signature le 23 septembre 2019 de la convention cadre entre l&#039;URCA et l&#039;UHA - LVBE - Laboratoire Vigne, Biotechnologies, Environnement | Universit\u00e9 de Haute-Alsace\" \/>\n<meta property=\"og:description\" content=\"\u00a0Le 23 septembre 2019, la Convention-cadre a \u00e9t\u00e9 sign\u00e9e entre Guillaume GELL\u00c9, pr\u00e9sident de l\u2019Universit\u00e9 Reims Champagne-Ardenne (URCA)\u00a0et\u00a0Christine GANGLOFF-ZIEGLER, pr\u00e9sidente de l\u2019Universit\u00e9 de Haute-Alsace\u00a0 r\u00e9gissant la mise en place d\u2019une antenne du LVBE EA-3991 de l\u2019Universit\u00e9 de Haute-Alsace au sein de l\u2019Universit\u00e9 Reims Champagne-Ardenne. L\u2019antenne du LVBE au sein de l\u2019URCA permet de donner une [&hellip;]\" \/>\n<meta property=\"og:url\" content=\"https:\/\/www.lvbe.uha.fr\/index.php\/signature-le-23-septembre-2019-de-la-convention-cadre-entre-lurca-et-luha\/\" \/>\n<meta property=\"og:site_name\" content=\"LVBE - Laboratoire Vigne, Biotechnologies, Environnement | Universit\u00e9 de Haute-Alsace\" \/>\n<meta property=\"article:published_time\" content=\"2019-11-12T14:45:35+00:00\" \/>\n<meta property=\"article:modified_time\" content=\"2022-05-24T12:54:41+00:00\" \/>\n<meta property=\"og:image\" content=\"https:\/\/www.lvbe.uha.fr\/wp-content\/uploads\/2019\/09\/4895806C-A9F1-4A5C-997F-1055B9BD102B.jpeg\" \/>\n\t<meta property=\"og:image:width\" content=\"1890\" \/>\n\t<meta property=\"og:image:height\" content=\"1239\" \/>\n\t<meta property=\"og:image:type\" content=\"image\/jpeg\" \/>\n<meta name=\"author\" content=\"H\u00e9l\u00e8ne Laloue\" \/>\n<meta name=\"twitter:card\" content=\"summary_large_image\" \/>\n<meta name=\"twitter:label1\" content=\"\u00c9crit par\" \/>\n\t<meta name=\"twitter:data1\" content=\"H\u00e9l\u00e8ne Laloue\" \/>\n\t<meta name=\"twitter:label2\" content=\"Dur\u00e9e de lecture estim\u00e9e\" \/>\n\t<meta name=\"twitter:data2\" content=\"1 minute\" \/>\n<script type=\"application\/ld+json\" class=\"yoast-schema-graph\">{\"@context\":\"https:\\\/\\\/schema.org\",\"@graph\":[{\"@type\":\"Article\",\"@id\":\"https:\\\/\\\/www.lvbe.uha.fr\\\/index.php\\\/signature-le-23-septembre-2019-de-la-convention-cadre-entre-lurca-et-luha\\\/#article\",\"isPartOf\":{\"@id\":\"https:\\\/\\\/www.lvbe.uha.fr\\\/index.php\\\/signature-le-23-septembre-2019-de-la-convention-cadre-entre-lurca-et-luha\\\/\"},\"author\":{\"name\":\"H\u00e9l\u00e8ne Laloue\",\"@id\":\"https:\\\/\\\/www.lvbe.uha.fr\\\/#\\\/schema\\\/person\\\/b7b7a9b8dec78d30e19c0ad6a930939e\"},\"headline\":\"Signature le 23 septembre 2019 de la convention cadre entre l&rsquo;URCA et l&rsquo;UHA\",\"datePublished\":\"2019-11-12T14:45:35+00:00\",\"dateModified\":\"2022-05-24T12:54:41+00:00\",\"mainEntityOfPage\":{\"@id\":\"https:\\\/\\\/www.lvbe.uha.fr\\\/index.php\\\/signature-le-23-septembre-2019-de-la-convention-cadre-entre-lurca-et-luha\\\/\"},\"wordCount\":122,\"image\":{\"@id\":\"https:\\\/\\\/www.lvbe.uha.fr\\\/index.php\\\/signature-le-23-septembre-2019-de-la-convention-cadre-entre-lurca-et-luha\\\/#primaryimage\"},\"thumbnailUrl\":\"https:\\\/\\\/www.lvbe.uha.fr\\\/wp-content\\\/uploads\\\/2019\\\/09\\\/4895806C-A9F1-4A5C-997F-1055B9BD102B.jpeg\",\"articleSection\":[\"Actualit\u00e9s\"],\"inLanguage\":\"fr-FR\"},{\"@type\":\"WebPage\",\"@id\":\"https:\\\/\\\/www.lvbe.uha.fr\\\/index.php\\\/signature-le-23-septembre-2019-de-la-convention-cadre-entre-lurca-et-luha\\\/\",\"url\":\"https:\\\/\\\/www.lvbe.uha.fr\\\/index.php\\\/signature-le-23-septembre-2019-de-la-convention-cadre-entre-lurca-et-luha\\\/\",\"name\":\"Signature le 23 septembre 2019 de la convention cadre entre l'URCA et l'UHA - LVBE - Laboratoire Vigne, Biotechnologies, Environnement | Universit\u00e9 de Haute-Alsace\",\"isPartOf\":{\"@id\":\"https:\\\/\\\/www.lvbe.uha.fr\\\/#website\"},\"primaryImageOfPage\":{\"@id\":\"https:\\\/\\\/www.lvbe.uha.fr\\\/index.php\\\/signature-le-23-septembre-2019-de-la-convention-cadre-entre-lurca-et-luha\\\/#primaryimage\"},\"image\":{\"@id\":\"https:\\\/\\\/www.lvbe.uha.fr\\\/index.php\\\/signature-le-23-septembre-2019-de-la-convention-cadre-entre-lurca-et-luha\\\/#primaryimage\"},\"thumbnailUrl\":\"https:\\\/\\\/www.lvbe.uha.fr\\\/wp-content\\\/uploads\\\/2019\\\/09\\\/4895806C-A9F1-4A5C-997F-1055B9BD102B.jpeg\",\"datePublished\":\"2019-11-12T14:45:35+00:00\",\"dateModified\":\"2022-05-24T12:54:41+00:00\",\"author\":{\"@id\":\"https:\\\/\\\/www.lvbe.uha.fr\\\/#\\\/schema\\\/person\\\/b7b7a9b8dec78d30e19c0ad6a930939e\"},\"breadcrumb\":{\"@id\":\"https:\\\/\\\/www.lvbe.uha.fr\\\/index.php\\\/signature-le-23-septembre-2019-de-la-convention-cadre-entre-lurca-et-luha\\\/#breadcrumb\"},\"inLanguage\":\"fr-FR\",\"potentialAction\":[{\"@type\":\"ReadAction\",\"target\":[\"https:\\\/\\\/www.lvbe.uha.fr\\\/index.php\\\/signature-le-23-septembre-2019-de-la-convention-cadre-entre-lurca-et-luha\\\/\"]}]},{\"@type\":\"ImageObject\",\"inLanguage\":\"fr-FR\",\"@id\":\"https:\\\/\\\/www.lvbe.uha.fr\\\/index.php\\\/signature-le-23-septembre-2019-de-la-convention-cadre-entre-lurca-et-luha\\\/#primaryimage\",\"url\":\"https:\\\/\\\/www.lvbe.uha.fr\\\/wp-content\\\/uploads\\\/2019\\\/09\\\/4895806C-A9F1-4A5C-997F-1055B9BD102B.jpeg\",\"contentUrl\":\"https:\\\/\\\/www.lvbe.uha.fr\\\/wp-content\\\/uploads\\\/2019\\\/09\\\/4895806C-A9F1-4A5C-997F-1055B9BD102B.jpeg\",\"width\":1890,\"height\":1239},{\"@type\":\"BreadcrumbList\",\"@id\":\"https:\\\/\\\/www.lvbe.uha.fr\\\/index.php\\\/signature-le-23-septembre-2019-de-la-convention-cadre-entre-lurca-et-luha\\\/#breadcrumb\",\"itemListElement\":[{\"@type\":\"ListItem\",\"position\":1,\"name\":\"Accueil\",\"item\":\"https:\\\/\\\/www.lvbe.uha.fr\\\/\"},{\"@type\":\"ListItem\",\"position\":2,\"name\":\"Signature le 23 septembre 2019 de la convention cadre entre l&#8217;URCA et l&#8217;UHA\"}]},{\"@type\":\"WebSite\",\"@id\":\"https:\\\/\\\/www.lvbe.uha.fr\\\/#website\",\"url\":\"https:\\\/\\\/www.lvbe.uha.fr\\\/\",\"name\":\"LVBE - Laboratoire Vigne, Biotechnologies, Environnement | Universit\u00e9 de Haute-Alsace\",\"description\":\"Campus Biop\u00f4le | Universit\u00e9 de Haute-Alsace\",\"potentialAction\":[{\"@type\":\"SearchAction\",\"target\":{\"@type\":\"EntryPoint\",\"urlTemplate\":\"https:\\\/\\\/www.lvbe.uha.fr\\\/?s={search_term_string}\"},\"query-input\":{\"@type\":\"PropertyValueSpecification\",\"valueRequired\":true,\"valueName\":\"search_term_string\"}}],\"inLanguage\":\"fr-FR\"},{\"@type\":\"Person\",\"@id\":\"https:\\\/\\\/www.lvbe.uha.fr\\\/#\\\/schema\\\/person\\\/b7b7a9b8dec78d30e19c0ad6a930939e\",\"name\":\"H\u00e9l\u00e8ne Laloue\",\"image\":{\"@type\":\"ImageObject\",\"inLanguage\":\"fr-FR\",\"@id\":\"https:\\\/\\\/secure.gravatar.com\\\/avatar\\\/d933c01a652a9f44ca6e3fcf58cb3b252089eccb5e39de6bc9d72a0d4e012361?s=96&d=mm&r=g\",\"url\":\"https:\\\/\\\/secure.gravatar.com\\\/avatar\\\/d933c01a652a9f44ca6e3fcf58cb3b252089eccb5e39de6bc9d72a0d4e012361?s=96&d=mm&r=g\",\"contentUrl\":\"https:\\\/\\\/secure.gravatar.com\\\/avatar\\\/d933c01a652a9f44ca6e3fcf58cb3b252089eccb5e39de6bc9d72a0d4e012361?s=96&d=mm&r=g\",\"caption\":\"H\u00e9l\u00e8ne Laloue\"},\"url\":\"https:\\\/\\\/www.lvbe.uha.fr\\\/index.php\\\/author\\\/helene-laloueuha-fr\\\/\"}]}<\/script>\n<!-- \/ Yoast SEO plugin. -->","yoast_head_json":{"title":"Signature le 23 septembre 2019 de la convention cadre entre l'URCA et l'UHA - LVBE - Laboratoire Vigne, Biotechnologies, Environnement | Universit\u00e9 de Haute-Alsace","robots":{"index":"index","follow":"follow","max-snippet":"max-snippet:-1","max-image-preview":"max-image-preview:large","max-video-preview":"max-video-preview:-1"},"canonical":"https:\/\/www.lvbe.uha.fr\/index.php\/signature-le-23-septembre-2019-de-la-convention-cadre-entre-lurca-et-luha\/","og_locale":"fr_FR","og_type":"article","og_title":"Signature le 23 septembre 2019 de la convention cadre entre l'URCA et l'UHA - LVBE - Laboratoire Vigne, Biotechnologies, Environnement | Universit\u00e9 de Haute-Alsace","og_description":"\u00a0Le 23 septembre 2019, la Convention-cadre a \u00e9t\u00e9 sign\u00e9e entre Guillaume GELL\u00c9, pr\u00e9sident de l\u2019Universit\u00e9 Reims Champagne-Ardenne (URCA)\u00a0et\u00a0Christine GANGLOFF-ZIEGLER, pr\u00e9sidente de l\u2019Universit\u00e9 de Haute-Alsace\u00a0 r\u00e9gissant la mise en place d\u2019une antenne du LVBE EA-3991 de l\u2019Universit\u00e9 de Haute-Alsace au sein de l\u2019Universit\u00e9 Reims Champagne-Ardenne. L\u2019antenne du LVBE au sein de l\u2019URCA permet de donner une [&hellip;]","og_url":"https:\/\/www.lvbe.uha.fr\/index.php\/signature-le-23-septembre-2019-de-la-convention-cadre-entre-lurca-et-luha\/","og_site_name":"LVBE - Laboratoire Vigne, Biotechnologies, Environnement | Universit\u00e9 de Haute-Alsace","article_published_time":"2019-11-12T14:45:35+00:00","article_modified_time":"2022-05-24T12:54:41+00:00","og_image":[{"width":1890,"height":1239,"url":"https:\/\/www.lvbe.uha.fr\/wp-content\/uploads\/2019\/09\/4895806C-A9F1-4A5C-997F-1055B9BD102B.jpeg","type":"image\/jpeg"}],"author":"H\u00e9l\u00e8ne Laloue","twitter_card":"summary_large_image","twitter_misc":{"\u00c9crit par":"H\u00e9l\u00e8ne Laloue","Dur\u00e9e de lecture estim\u00e9e":"1 minute"},"schema":{"@context":"https:\/\/schema.org","@graph":[{"@type":"Article","@id":"https:\/\/www.lvbe.uha.fr\/index.php\/signature-le-23-septembre-2019-de-la-convention-cadre-entre-lurca-et-luha\/#article","isPartOf":{"@id":"https:\/\/www.lvbe.uha.fr\/index.php\/signature-le-23-septembre-2019-de-la-convention-cadre-entre-lurca-et-luha\/"},"author":{"name":"H\u00e9l\u00e8ne Laloue","@id":"https:\/\/www.lvbe.uha.fr\/#\/schema\/person\/b7b7a9b8dec78d30e19c0ad6a930939e"},"headline":"Signature le 23 septembre 2019 de la convention cadre entre l&rsquo;URCA et l&rsquo;UHA","datePublished":"2019-11-12T14:45:35+00:00","dateModified":"2022-05-24T12:54:41+00:00","mainEntityOfPage":{"@id":"https:\/\/www.lvbe.uha.fr\/index.php\/signature-le-23-septembre-2019-de-la-convention-cadre-entre-lurca-et-luha\/"},"wordCount":122,"image":{"@id":"https:\/\/www.lvbe.uha.fr\/index.php\/signature-le-23-septembre-2019-de-la-convention-cadre-entre-lurca-et-luha\/#primaryimage"},"thumbnailUrl":"https:\/\/www.lvbe.uha.fr\/wp-content\/uploads\/2019\/09\/4895806C-A9F1-4A5C-997F-1055B9BD102B.jpeg","articleSection":["Actualit\u00e9s"],"inLanguage":"fr-FR"},{"@type":"WebPage","@id":"https:\/\/www.lvbe.uha.fr\/index.php\/signature-le-23-septembre-2019-de-la-convention-cadre-entre-lurca-et-luha\/","url":"https:\/\/www.lvbe.uha.fr\/index.php\/signature-le-23-septembre-2019-de-la-convention-cadre-entre-lurca-et-luha\/","name":"Signature le 23 septembre 2019 de la convention cadre entre l'URCA et l'UHA - LVBE - Laboratoire Vigne, Biotechnologies, Environnement | Universit\u00e9 de Haute-Alsace","isPartOf":{"@id":"https:\/\/www.lvbe.uha.fr\/#website"},"primaryImageOfPage":{"@id":"https:\/\/www.lvbe.uha.fr\/index.php\/signature-le-23-septembre-2019-de-la-convention-cadre-entre-lurca-et-luha\/#primaryimage"},"image":{"@id":"https:\/\/www.lvbe.uha.fr\/index.php\/signature-le-23-septembre-2019-de-la-convention-cadre-entre-lurca-et-luha\/#primaryimage"},"thumbnailUrl":"https:\/\/www.lvbe.uha.fr\/wp-content\/uploads\/2019\/09\/4895806C-A9F1-4A5C-997F-1055B9BD102B.jpeg","datePublished":"2019-11-12T14:45:35+00:00","dateModified":"2022-05-24T12:54:41+00:00","author":{"@id":"https:\/\/www.lvbe.uha.fr\/#\/schema\/person\/b7b7a9b8dec78d30e19c0ad6a930939e"},"breadcrumb":{"@id":"https:\/\/www.lvbe.uha.fr\/index.php\/signature-le-23-septembre-2019-de-la-convention-cadre-entre-lurca-et-luha\/#breadcrumb"},"inLanguage":"fr-FR","potentialAction":[{"@type":"ReadAction","target":["https:\/\/www.lvbe.uha.fr\/index.php\/signature-le-23-septembre-2019-de-la-convention-cadre-entre-lurca-et-luha\/"]}]},{"@type":"ImageObject","inLanguage":"fr-FR","@id":"https:\/\/www.lvbe.uha.fr\/index.php\/signature-le-23-septembre-2019-de-la-convention-cadre-entre-lurca-et-luha\/#primaryimage","url":"https:\/\/www.lvbe.uha.fr\/wp-content\/uploads\/2019\/09\/4895806C-A9F1-4A5C-997F-1055B9BD102B.jpeg","contentUrl":"https:\/\/www.lvbe.uha.fr\/wp-content\/uploads\/2019\/09\/4895806C-A9F1-4A5C-997F-1055B9BD102B.jpeg","width":1890,"height":1239},{"@type":"BreadcrumbList","@id":"https:\/\/www.lvbe.uha.fr\/index.php\/signature-le-23-septembre-2019-de-la-convention-cadre-entre-lurca-et-luha\/#breadcrumb","itemListElement":[{"@type":"ListItem","position":1,"name":"Accueil","item":"https:\/\/www.lvbe.uha.fr\/"},{"@type":"ListItem","position":2,"name":"Signature le 23 septembre 2019 de la convention cadre entre l&#8217;URCA et l&#8217;UHA"}]},{"@type":"WebSite","@id":"https:\/\/www.lvbe.uha.fr\/#website","url":"https:\/\/www.lvbe.uha.fr\/","name":"LVBE - Laboratoire Vigne, Biotechnologies, Environnement | Universit\u00e9 de Haute-Alsace","description":"Campus Biop\u00f4le | Universit\u00e9 de Haute-Alsace","potentialAction":[{"@type":"SearchAction","target":{"@type":"EntryPoint","urlTemplate":"https:\/\/www.lvbe.uha.fr\/?s={search_term_string}"},"query-input":{"@type":"PropertyValueSpecification","valueRequired":true,"valueName":"search_term_string"}}],"inLanguage":"fr-FR"},{"@type":"Person","@id":"https:\/\/www.lvbe.uha.fr\/#\/schema\/person\/b7b7a9b8dec78d30e19c0ad6a930939e","name":"H\u00e9l\u00e8ne Laloue","image":{"@type":"ImageObject","inLanguage":"fr-FR","@id":"https:\/\/secure.gravatar.com\/avatar\/d933c01a652a9f44ca6e3fcf58cb3b252089eccb5e39de6bc9d72a0d4e012361?s=96&d=mm&r=g","url":"https:\/\/secure.gravatar.com\/avatar\/d933c01a652a9f44ca6e3fcf58cb3b252089eccb5e39de6bc9d72a0d4e012361?s=96&d=mm&r=g","contentUrl":"https:\/\/secure.gravatar.com\/avatar\/d933c01a652a9f44ca6e3fcf58cb3b252089eccb5e39de6bc9d72a0d4e012361?s=96&d=mm&r=g","caption":"H\u00e9l\u00e8ne Laloue"},"url":"https:\/\/www.lvbe.uha.fr\/index.php\/author\/helene-laloueuha-fr\/"}]}},"_links":{"self":[{"href":"https:\/\/www.lvbe.uha.fr\/index.php\/wp-json\/wp\/v2\/posts\/2754","targetHints":{"allow":["GET"]}}],"collection":[{"href":"https:\/\/www.lvbe.uha.fr\/index.php\/wp-json\/wp\/v2\/posts"}],"about":[{"href":"https:\/\/www.lvbe.uha.fr\/index.php\/wp-json\/wp\/v2\/types\/post"}],"author":[{"embeddable":true,"href":"https:\/\/www.lvbe.uha.fr\/index.php\/wp-json\/wp\/v2\/users\/2"}],"replies":[{"embeddable":true,"href":"https:\/\/www.lvbe.uha.fr\/index.php\/wp-json\/wp\/v2\/comments?post=2754"}],"version-history":[{"count":2,"href":"https:\/\/www.lvbe.uha.fr\/index.php\/wp-json\/wp\/v2\/posts\/2754\/revisions"}],"predecessor-version":[{"id":2761,"href":"https:\/\/www.lvbe.uha.fr\/index.php\/wp-json\/wp\/v2\/posts\/2754\/revisions\/2761"}],"wp:featuredmedia":[{"embeddable":true,"href":"https:\/\/www.lvbe.uha.fr\/index.php\/wp-json\/wp\/v2\/media\/2471"}],"wp:attachment":[{"href":"https:\/\/www.lvbe.uha.fr\/index.php\/wp-json\/wp\/v2\/media?parent=2754"}],"wp:term":[{"taxonomy":"category","embeddable":true,"href":"https:\/\/www.lvbe.uha.fr\/index.php\/wp-json\/wp\/v2\/categories?post=2754"},{"taxonomy":"post_tag","embeddable":true,"href":"https:\/\/www.lvbe.uha.fr\/index.php\/wp-json\/wp\/v2\/tags?post=2754"}],"curies":[{"name":"wp","href":"https:\/\/api.w.org\/{rel}","templated":true}]}}