{"id":2395,"date":"2019-07-23T22:33:22","date_gmt":"2019-07-23T20:33:22","guid":{"rendered":"https:\/\/www.lvbe.uha.fr\/?p=2395"},"modified":"2019-11-25T06:41:59","modified_gmt":"2019-11-25T05:41:59","slug":"conference-professionnelle-de-la-foire-aux-vins-2019","status":"publish","type":"post","link":"https:\/\/www.lvbe.uha.fr\/index.php\/conference-professionnelle-de-la-foire-aux-vins-2019\/","title":{"rendered":"Conf\u00e9rence professionnelle de la Foire aux Vins 2019"},"content":{"rendered":"<p><span style=\"font-family: Arial; font-size: medium;\"><br \/>\nLe Pr. Christophe Bertsch a le plaisir de vous inviter <strong>mardi 30 juillet 2019<\/strong> (9h30 \u00e0 12h)\u00a0\u00e0 la <strong>Conf\u00e9rence professionnelle de la Foire aux Vins<\/strong> (<strong>entr\u00e9e gratuite<\/strong>). <\/span><\/p>\n<p><span style=\"font-family: Arial; font-size: medium;\">Apr\u00e8s les maladies du bois en 2018, la Commission technique du Vignoble d&rsquo;Alsace vous propose la conf\u00e9rence\u00a0\u00ab\u00a0le changement climatique: Quel avenir pour les vins d&rsquo;Alsace\u00a0\u00bb.\u00a0<\/span><\/p>\n<p><span style=\"font-family: Arial; font-size: medium;\">Les conf\u00e9renciers invit\u00e9s sont : <\/span><\/p>\n<p><span style=\"font-family: Arial; font-size: medium;\">&#8211; <strong>Dr. Benjamin Bois<\/strong> (Ma\u00eetres de conf\u00e9rences en Viticulture et Climatologie \u00e0 l&rsquo;Universit\u00e9 de Bourgogne)<\/span><\/p>\n<p><span style=\"font-family: Arial; font-size: medium;\">&#8211; <strong>Dr. Didier Merdinoglu<\/strong> (Directeur de recherche \u00e0 l&rsquo;INRA de Colmar)<\/span><\/p>\n<p><span style=\"font-family: Arial; font-size: medium;\">&#8211; <strong>I<\/strong><strong>ng. Eric Meisterman<\/strong> (Ing\u00e9nieur \u0152nologue IFV Colmar)<\/span><\/p>\n<p><span style=\"font-family: Arial; font-size: medium;\">Au terme de cette conf\u00e9rence, partagez un moment de convivialit\u00e9 au stand de la Chambre d\u2019Agriculture d\u2019Alsace avec le CIVA et les membres de la commission technique du vignoble.<\/span><\/p>\n<p><span style=\"font-family: Arial; font-size: medium;\">Bel \u00e9t\u00e9 \u00e0 tous.<\/span><span style=\"font-family: Arial; font-size: medium;\"><img loading=\"lazy\" decoding=\"async\" class=\"size-large wp-image-2396 alignleft\" src=\"https:\/\/www.lvbe.uha.fr\/wp-content\/uploads\/2019\/07\/6F3D73B6-F602-4FDB-B8BE-26B81BE1CC48-768x1024.png\" alt=\"Conf\u00e9rences professionnelles de la foire aux vins 2019\" width=\"750\" height=\"1000\" srcset=\"https:\/\/www.lvbe.uha.fr\/wp-content\/uploads\/2019\/07\/6F3D73B6-F602-4FDB-B8BE-26B81BE1CC48-768x1024.png 768w, https:\/\/www.lvbe.uha.fr\/wp-content\/uploads\/2019\/07\/6F3D73B6-F602-4FDB-B8BE-26B81BE1CC48-225x300.png 225w, https:\/\/www.lvbe.uha.fr\/wp-content\/uploads\/2019\/07\/6F3D73B6-F602-4FDB-B8BE-26B81BE1CC48.png 1668w\" sizes=\"auto, (max-width: 750px) 100vw, 750px\" \/><\/span><\/p>\n<p>&nbsp;<\/p>\n","protected":false},"excerpt":{"rendered":"<p>Le Pr. Christophe Bertsch a le plaisir de vous inviter mardi 30 juillet 2019 (9h30 \u00e0 12h)\u00a0\u00e0 la Conf\u00e9rence professionnelle de la Foire aux Vins (entr\u00e9e gratuite). Apr\u00e8s les maladies du bois en 2018, la Commission technique du Vignoble d&rsquo;Alsace vous propose la conf\u00e9rence\u00a0\u00ab\u00a0le changement climatique: Quel avenir pour les vins d&rsquo;Alsace\u00a0\u00bb.\u00a0 Les conf\u00e9renciers invit\u00e9s [&hellip;]<\/p>\n","protected":false},"author":2,"featured_media":2396,"comment_status":"closed","ping_status":"closed","sticky":false,"template":"","format":"standard","meta":{"footnotes":""},"categories":[4,7],"tags":[],"class_list":["post-2395","post","type-post","status-publish","format-standard","has-post-thumbnail","hentry","category-actualites","category-actualites-conferences"],"yoast_head":"<!-- This site is optimized with the Yoast SEO plugin v27.4 - https:\/\/yoast.com\/product\/yoast-seo-wordpress\/ -->\n<title>Conf\u00e9rence professionnelle de la Foire aux Vins 2019 - LVBE - Laboratoire Vigne, Biotechnologies, Environnement | Universit\u00e9 de Haute-Alsace<\/title>\n<meta name=\"robots\" content=\"index, follow, max-snippet:-1, max-image-preview:large, max-video-preview:-1\" \/>\n<link rel=\"canonical\" href=\"https:\/\/www.lvbe.uha.fr\/index.php\/conference-professionnelle-de-la-foire-aux-vins-2019\/\" \/>\n<meta property=\"og:locale\" content=\"fr_FR\" \/>\n<meta property=\"og:type\" content=\"article\" \/>\n<meta property=\"og:title\" content=\"Conf\u00e9rence professionnelle de la Foire aux Vins 2019 - LVBE - Laboratoire Vigne, Biotechnologies, Environnement | Universit\u00e9 de Haute-Alsace\" \/>\n<meta property=\"og:description\" content=\"Le Pr. Christophe Bertsch a le plaisir de vous inviter mardi 30 juillet 2019 (9h30 \u00e0 12h)\u00a0\u00e0 la Conf\u00e9rence professionnelle de la Foire aux Vins (entr\u00e9e gratuite). Apr\u00e8s les maladies du bois en 2018, la Commission technique du Vignoble d&rsquo;Alsace vous propose la conf\u00e9rence\u00a0\u00ab\u00a0le changement climatique: Quel avenir pour les vins d&rsquo;Alsace\u00a0\u00bb.\u00a0 Les conf\u00e9renciers invit\u00e9s [&hellip;]\" \/>\n<meta property=\"og:url\" content=\"https:\/\/www.lvbe.uha.fr\/index.php\/conference-professionnelle-de-la-foire-aux-vins-2019\/\" \/>\n<meta property=\"og:site_name\" content=\"LVBE - Laboratoire Vigne, Biotechnologies, Environnement | Universit\u00e9 de Haute-Alsace\" \/>\n<meta property=\"article:published_time\" content=\"2019-07-23T20:33:22+00:00\" \/>\n<meta property=\"article:modified_time\" content=\"2019-11-25T05:41:59+00:00\" \/>\n<meta property=\"og:image\" content=\"https:\/\/www.lvbe.uha.fr\/wp-content\/uploads\/2019\/07\/6F3D73B6-F602-4FDB-B8BE-26B81BE1CC48-768x1024.png\" \/>\n\t<meta property=\"og:image:width\" content=\"768\" \/>\n\t<meta property=\"og:image:height\" content=\"1024\" \/>\n\t<meta property=\"og:image:type\" content=\"image\/png\" \/>\n<meta name=\"author\" content=\"H\u00e9l\u00e8ne Laloue\" \/>\n<meta name=\"twitter:card\" content=\"summary_large_image\" \/>\n<meta name=\"twitter:label1\" content=\"\u00c9crit par\" \/>\n\t<meta name=\"twitter:data1\" content=\"H\u00e9l\u00e8ne Laloue\" \/>\n\t<meta name=\"twitter:label2\" content=\"Dur\u00e9e de lecture estim\u00e9e\" \/>\n\t<meta name=\"twitter:data2\" content=\"1 minute\" \/>\n<script type=\"application\/ld+json\" class=\"yoast-schema-graph\">{\"@context\":\"https:\\\/\\\/schema.org\",\"@graph\":[{\"@type\":\"Article\",\"@id\":\"https:\\\/\\\/www.lvbe.uha.fr\\\/index.php\\\/conference-professionnelle-de-la-foire-aux-vins-2019\\\/#article\",\"isPartOf\":{\"@id\":\"https:\\\/\\\/www.lvbe.uha.fr\\\/index.php\\\/conference-professionnelle-de-la-foire-aux-vins-2019\\\/\"},\"author\":{\"name\":\"H\u00e9l\u00e8ne Laloue\",\"@id\":\"https:\\\/\\\/www.lvbe.uha.fr\\\/#\\\/schema\\\/person\\\/b7b7a9b8dec78d30e19c0ad6a930939e\"},\"headline\":\"Conf\u00e9rence professionnelle de la Foire aux Vins 2019\",\"datePublished\":\"2019-07-23T20:33:22+00:00\",\"dateModified\":\"2019-11-25T05:41:59+00:00\",\"mainEntityOfPage\":{\"@id\":\"https:\\\/\\\/www.lvbe.uha.fr\\\/index.php\\\/conference-professionnelle-de-la-foire-aux-vins-2019\\\/\"},\"wordCount\":139,\"image\":{\"@id\":\"https:\\\/\\\/www.lvbe.uha.fr\\\/index.php\\\/conference-professionnelle-de-la-foire-aux-vins-2019\\\/#primaryimage\"},\"thumbnailUrl\":\"https:\\\/\\\/www.lvbe.uha.fr\\\/wp-content\\\/uploads\\\/2019\\\/07\\\/6F3D73B6-F602-4FDB-B8BE-26B81BE1CC48.png\",\"articleSection\":[\"Actualit\u00e9s\",\"Actualit\u00e9s &amp; conf\u00e9rences\"],\"inLanguage\":\"fr-FR\"},{\"@type\":\"WebPage\",\"@id\":\"https:\\\/\\\/www.lvbe.uha.fr\\\/index.php\\\/conference-professionnelle-de-la-foire-aux-vins-2019\\\/\",\"url\":\"https:\\\/\\\/www.lvbe.uha.fr\\\/index.php\\\/conference-professionnelle-de-la-foire-aux-vins-2019\\\/\",\"name\":\"Conf\u00e9rence professionnelle de la Foire aux Vins 2019 - LVBE - Laboratoire Vigne, Biotechnologies, Environnement | Universit\u00e9 de Haute-Alsace\",\"isPartOf\":{\"@id\":\"https:\\\/\\\/www.lvbe.uha.fr\\\/#website\"},\"primaryImageOfPage\":{\"@id\":\"https:\\\/\\\/www.lvbe.uha.fr\\\/index.php\\\/conference-professionnelle-de-la-foire-aux-vins-2019\\\/#primaryimage\"},\"image\":{\"@id\":\"https:\\\/\\\/www.lvbe.uha.fr\\\/index.php\\\/conference-professionnelle-de-la-foire-aux-vins-2019\\\/#primaryimage\"},\"thumbnailUrl\":\"https:\\\/\\\/www.lvbe.uha.fr\\\/wp-content\\\/uploads\\\/2019\\\/07\\\/6F3D73B6-F602-4FDB-B8BE-26B81BE1CC48.png\",\"datePublished\":\"2019-07-23T20:33:22+00:00\",\"dateModified\":\"2019-11-25T05:41:59+00:00\",\"author\":{\"@id\":\"https:\\\/\\\/www.lvbe.uha.fr\\\/#\\\/schema\\\/person\\\/b7b7a9b8dec78d30e19c0ad6a930939e\"},\"breadcrumb\":{\"@id\":\"https:\\\/\\\/www.lvbe.uha.fr\\\/index.php\\\/conference-professionnelle-de-la-foire-aux-vins-2019\\\/#breadcrumb\"},\"inLanguage\":\"fr-FR\",\"potentialAction\":[{\"@type\":\"ReadAction\",\"target\":[\"https:\\\/\\\/www.lvbe.uha.fr\\\/index.php\\\/conference-professionnelle-de-la-foire-aux-vins-2019\\\/\"]}]},{\"@type\":\"ImageObject\",\"inLanguage\":\"fr-FR\",\"@id\":\"https:\\\/\\\/www.lvbe.uha.fr\\\/index.php\\\/conference-professionnelle-de-la-foire-aux-vins-2019\\\/#primaryimage\",\"url\":\"https:\\\/\\\/www.lvbe.uha.fr\\\/wp-content\\\/uploads\\\/2019\\\/07\\\/6F3D73B6-F602-4FDB-B8BE-26B81BE1CC48.png\",\"contentUrl\":\"https:\\\/\\\/www.lvbe.uha.fr\\\/wp-content\\\/uploads\\\/2019\\\/07\\\/6F3D73B6-F602-4FDB-B8BE-26B81BE1CC48.png\",\"width\":1668,\"height\":2224,\"caption\":\"Conf\u00e9rences professionnelles de la foire aux vins 2019\"},{\"@type\":\"BreadcrumbList\",\"@id\":\"https:\\\/\\\/www.lvbe.uha.fr\\\/index.php\\\/conference-professionnelle-de-la-foire-aux-vins-2019\\\/#breadcrumb\",\"itemListElement\":[{\"@type\":\"ListItem\",\"position\":1,\"name\":\"Accueil\",\"item\":\"https:\\\/\\\/www.lvbe.uha.fr\\\/\"},{\"@type\":\"ListItem\",\"position\":2,\"name\":\"Conf\u00e9rence professionnelle de la Foire aux Vins 2019\"}]},{\"@type\":\"WebSite\",\"@id\":\"https:\\\/\\\/www.lvbe.uha.fr\\\/#website\",\"url\":\"https:\\\/\\\/www.lvbe.uha.fr\\\/\",\"name\":\"LVBE - Laboratoire Vigne, Biotechnologies, Environnement | Universit\u00e9 de Haute-Alsace\",\"description\":\"Campus Biop\u00f4le | Universit\u00e9 de Haute-Alsace\",\"potentialAction\":[{\"@type\":\"SearchAction\",\"target\":{\"@type\":\"EntryPoint\",\"urlTemplate\":\"https:\\\/\\\/www.lvbe.uha.fr\\\/?s={search_term_string}\"},\"query-input\":{\"@type\":\"PropertyValueSpecification\",\"valueRequired\":true,\"valueName\":\"search_term_string\"}}],\"inLanguage\":\"fr-FR\"},{\"@type\":\"Person\",\"@id\":\"https:\\\/\\\/www.lvbe.uha.fr\\\/#\\\/schema\\\/person\\\/b7b7a9b8dec78d30e19c0ad6a930939e\",\"name\":\"H\u00e9l\u00e8ne Laloue\",\"image\":{\"@type\":\"ImageObject\",\"inLanguage\":\"fr-FR\",\"@id\":\"https:\\\/\\\/secure.gravatar.com\\\/avatar\\\/d933c01a652a9f44ca6e3fcf58cb3b252089eccb5e39de6bc9d72a0d4e012361?s=96&d=mm&r=g\",\"url\":\"https:\\\/\\\/secure.gravatar.com\\\/avatar\\\/d933c01a652a9f44ca6e3fcf58cb3b252089eccb5e39de6bc9d72a0d4e012361?s=96&d=mm&r=g\",\"contentUrl\":\"https:\\\/\\\/secure.gravatar.com\\\/avatar\\\/d933c01a652a9f44ca6e3fcf58cb3b252089eccb5e39de6bc9d72a0d4e012361?s=96&d=mm&r=g\",\"caption\":\"H\u00e9l\u00e8ne Laloue\"},\"url\":\"https:\\\/\\\/www.lvbe.uha.fr\\\/index.php\\\/author\\\/helene-laloueuha-fr\\\/\"}]}<\/script>\n<!-- \/ Yoast SEO plugin. -->","yoast_head_json":{"title":"Conf\u00e9rence professionnelle de la Foire aux Vins 2019 - LVBE - Laboratoire Vigne, Biotechnologies, Environnement | Universit\u00e9 de Haute-Alsace","robots":{"index":"index","follow":"follow","max-snippet":"max-snippet:-1","max-image-preview":"max-image-preview:large","max-video-preview":"max-video-preview:-1"},"canonical":"https:\/\/www.lvbe.uha.fr\/index.php\/conference-professionnelle-de-la-foire-aux-vins-2019\/","og_locale":"fr_FR","og_type":"article","og_title":"Conf\u00e9rence professionnelle de la Foire aux Vins 2019 - LVBE - Laboratoire Vigne, Biotechnologies, Environnement | Universit\u00e9 de Haute-Alsace","og_description":"Le Pr. Christophe Bertsch a le plaisir de vous inviter mardi 30 juillet 2019 (9h30 \u00e0 12h)\u00a0\u00e0 la Conf\u00e9rence professionnelle de la Foire aux Vins (entr\u00e9e gratuite). Apr\u00e8s les maladies du bois en 2018, la Commission technique du Vignoble d&rsquo;Alsace vous propose la conf\u00e9rence\u00a0\u00ab\u00a0le changement climatique: Quel avenir pour les vins d&rsquo;Alsace\u00a0\u00bb.\u00a0 Les conf\u00e9renciers invit\u00e9s [&hellip;]","og_url":"https:\/\/www.lvbe.uha.fr\/index.php\/conference-professionnelle-de-la-foire-aux-vins-2019\/","og_site_name":"LVBE - Laboratoire Vigne, Biotechnologies, Environnement | Universit\u00e9 de Haute-Alsace","article_published_time":"2019-07-23T20:33:22+00:00","article_modified_time":"2019-11-25T05:41:59+00:00","og_image":[{"width":768,"height":1024,"url":"https:\/\/www.lvbe.uha.fr\/wp-content\/uploads\/2019\/07\/6F3D73B6-F602-4FDB-B8BE-26B81BE1CC48-768x1024.png","type":"image\/png"}],"author":"H\u00e9l\u00e8ne Laloue","twitter_card":"summary_large_image","twitter_misc":{"\u00c9crit par":"H\u00e9l\u00e8ne Laloue","Dur\u00e9e de lecture estim\u00e9e":"1 minute"},"schema":{"@context":"https:\/\/schema.org","@graph":[{"@type":"Article","@id":"https:\/\/www.lvbe.uha.fr\/index.php\/conference-professionnelle-de-la-foire-aux-vins-2019\/#article","isPartOf":{"@id":"https:\/\/www.lvbe.uha.fr\/index.php\/conference-professionnelle-de-la-foire-aux-vins-2019\/"},"author":{"name":"H\u00e9l\u00e8ne Laloue","@id":"https:\/\/www.lvbe.uha.fr\/#\/schema\/person\/b7b7a9b8dec78d30e19c0ad6a930939e"},"headline":"Conf\u00e9rence professionnelle de la Foire aux Vins 2019","datePublished":"2019-07-23T20:33:22+00:00","dateModified":"2019-11-25T05:41:59+00:00","mainEntityOfPage":{"@id":"https:\/\/www.lvbe.uha.fr\/index.php\/conference-professionnelle-de-la-foire-aux-vins-2019\/"},"wordCount":139,"image":{"@id":"https:\/\/www.lvbe.uha.fr\/index.php\/conference-professionnelle-de-la-foire-aux-vins-2019\/#primaryimage"},"thumbnailUrl":"https:\/\/www.lvbe.uha.fr\/wp-content\/uploads\/2019\/07\/6F3D73B6-F602-4FDB-B8BE-26B81BE1CC48.png","articleSection":["Actualit\u00e9s","Actualit\u00e9s &amp; conf\u00e9rences"],"inLanguage":"fr-FR"},{"@type":"WebPage","@id":"https:\/\/www.lvbe.uha.fr\/index.php\/conference-professionnelle-de-la-foire-aux-vins-2019\/","url":"https:\/\/www.lvbe.uha.fr\/index.php\/conference-professionnelle-de-la-foire-aux-vins-2019\/","name":"Conf\u00e9rence professionnelle de la Foire aux Vins 2019 - LVBE - Laboratoire Vigne, Biotechnologies, Environnement | Universit\u00e9 de Haute-Alsace","isPartOf":{"@id":"https:\/\/www.lvbe.uha.fr\/#website"},"primaryImageOfPage":{"@id":"https:\/\/www.lvbe.uha.fr\/index.php\/conference-professionnelle-de-la-foire-aux-vins-2019\/#primaryimage"},"image":{"@id":"https:\/\/www.lvbe.uha.fr\/index.php\/conference-professionnelle-de-la-foire-aux-vins-2019\/#primaryimage"},"thumbnailUrl":"https:\/\/www.lvbe.uha.fr\/wp-content\/uploads\/2019\/07\/6F3D73B6-F602-4FDB-B8BE-26B81BE1CC48.png","datePublished":"2019-07-23T20:33:22+00:00","dateModified":"2019-11-25T05:41:59+00:00","author":{"@id":"https:\/\/www.lvbe.uha.fr\/#\/schema\/person\/b7b7a9b8dec78d30e19c0ad6a930939e"},"breadcrumb":{"@id":"https:\/\/www.lvbe.uha.fr\/index.php\/conference-professionnelle-de-la-foire-aux-vins-2019\/#breadcrumb"},"inLanguage":"fr-FR","potentialAction":[{"@type":"ReadAction","target":["https:\/\/www.lvbe.uha.fr\/index.php\/conference-professionnelle-de-la-foire-aux-vins-2019\/"]}]},{"@type":"ImageObject","inLanguage":"fr-FR","@id":"https:\/\/www.lvbe.uha.fr\/index.php\/conference-professionnelle-de-la-foire-aux-vins-2019\/#primaryimage","url":"https:\/\/www.lvbe.uha.fr\/wp-content\/uploads\/2019\/07\/6F3D73B6-F602-4FDB-B8BE-26B81BE1CC48.png","contentUrl":"https:\/\/www.lvbe.uha.fr\/wp-content\/uploads\/2019\/07\/6F3D73B6-F602-4FDB-B8BE-26B81BE1CC48.png","width":1668,"height":2224,"caption":"Conf\u00e9rences professionnelles de la foire aux vins 2019"},{"@type":"BreadcrumbList","@id":"https:\/\/www.lvbe.uha.fr\/index.php\/conference-professionnelle-de-la-foire-aux-vins-2019\/#breadcrumb","itemListElement":[{"@type":"ListItem","position":1,"name":"Accueil","item":"https:\/\/www.lvbe.uha.fr\/"},{"@type":"ListItem","position":2,"name":"Conf\u00e9rence professionnelle de la Foire aux Vins 2019"}]},{"@type":"WebSite","@id":"https:\/\/www.lvbe.uha.fr\/#website","url":"https:\/\/www.lvbe.uha.fr\/","name":"LVBE - Laboratoire Vigne, Biotechnologies, Environnement | Universit\u00e9 de Haute-Alsace","description":"Campus Biop\u00f4le | Universit\u00e9 de Haute-Alsace","potentialAction":[{"@type":"SearchAction","target":{"@type":"EntryPoint","urlTemplate":"https:\/\/www.lvbe.uha.fr\/?s={search_term_string}"},"query-input":{"@type":"PropertyValueSpecification","valueRequired":true,"valueName":"search_term_string"}}],"inLanguage":"fr-FR"},{"@type":"Person","@id":"https:\/\/www.lvbe.uha.fr\/#\/schema\/person\/b7b7a9b8dec78d30e19c0ad6a930939e","name":"H\u00e9l\u00e8ne Laloue","image":{"@type":"ImageObject","inLanguage":"fr-FR","@id":"https:\/\/secure.gravatar.com\/avatar\/d933c01a652a9f44ca6e3fcf58cb3b252089eccb5e39de6bc9d72a0d4e012361?s=96&d=mm&r=g","url":"https:\/\/secure.gravatar.com\/avatar\/d933c01a652a9f44ca6e3fcf58cb3b252089eccb5e39de6bc9d72a0d4e012361?s=96&d=mm&r=g","contentUrl":"https:\/\/secure.gravatar.com\/avatar\/d933c01a652a9f44ca6e3fcf58cb3b252089eccb5e39de6bc9d72a0d4e012361?s=96&d=mm&r=g","caption":"H\u00e9l\u00e8ne Laloue"},"url":"https:\/\/www.lvbe.uha.fr\/index.php\/author\/helene-laloueuha-fr\/"}]}},"_links":{"self":[{"href":"https:\/\/www.lvbe.uha.fr\/index.php\/wp-json\/wp\/v2\/posts\/2395","targetHints":{"allow":["GET"]}}],"collection":[{"href":"https:\/\/www.lvbe.uha.fr\/index.php\/wp-json\/wp\/v2\/posts"}],"about":[{"href":"https:\/\/www.lvbe.uha.fr\/index.php\/wp-json\/wp\/v2\/types\/post"}],"author":[{"embeddable":true,"href":"https:\/\/www.lvbe.uha.fr\/index.php\/wp-json\/wp\/v2\/users\/2"}],"replies":[{"embeddable":true,"href":"https:\/\/www.lvbe.uha.fr\/index.php\/wp-json\/wp\/v2\/comments?post=2395"}],"version-history":[{"count":3,"href":"https:\/\/www.lvbe.uha.fr\/index.php\/wp-json\/wp\/v2\/posts\/2395\/revisions"}],"predecessor-version":[{"id":3711,"href":"https:\/\/www.lvbe.uha.fr\/index.php\/wp-json\/wp\/v2\/posts\/2395\/revisions\/3711"}],"wp:featuredmedia":[{"embeddable":true,"href":"https:\/\/www.lvbe.uha.fr\/index.php\/wp-json\/wp\/v2\/media\/2396"}],"wp:attachment":[{"href":"https:\/\/www.lvbe.uha.fr\/index.php\/wp-json\/wp\/v2\/media?parent=2395"}],"wp:term":[{"taxonomy":"category","embeddable":true,"href":"https:\/\/www.lvbe.uha.fr\/index.php\/wp-json\/wp\/v2\/categories?post=2395"},{"taxonomy":"post_tag","embeddable":true,"href":"https:\/\/www.lvbe.uha.fr\/index.php\/wp-json\/wp\/v2\/tags?post=2395"}],"curies":[{"name":"wp","href":"https:\/\/api.w.org\/{rel}","templated":true}]}}